{"id":3679,"date":"2019-12-14T16:30:09","date_gmt":"2019-12-14T15:30:09","guid":{"rendered":"https:\/\/www.worteimdunkel.at\/?p=3679"},"modified":"2023-08-03T22:53:23","modified_gmt":"2023-08-03T20:53:23","slug":"1940-bis-1945-die-gluecklichkeit-im-luftschutzkeller","status":"publish","type":"post","link":"https:\/\/www.worteimdunkel.at\/?p=3679","title":{"rendered":"1943\/1944 \u2013 Die Liese und die Miese"},"content":{"rendered":"\n<p class=\"has-text-color has-small-font-size\" style=\"color:#18a211\">Dieser Artikel wurde am 23. Juli 2020 \u00fcberarbeitet. Am 25. November 2020 f\u00fcgte ich eine neu entdeckte Karikatur hinzu. Am 22. und 26. J\u00e4nner 2021 kamen ein Kurzfilm und zwei Ansichtskarten dazu.<\/p>\n\n\n\n<p class=\"has-drop-cap\">Die Erziehung der Bev\u00f6lkerung im nationalsozialistischen Sinne war eine der vordringlichen Aufgaben des Reichsministeriums f\u00fcr Propaganda und Volksaufkl\u00e4rung unter Josef Goebbels. Mit verschiedenen Figuren und Parolen, wie etwa dem \u201eKohlenklau\u201c, dem \u201eSchattenmann\u201c oder \u201ePst, Feind h\u00f6rt mit!\u201c wollte man den Menschen den richtigen Umgang mit Entbehrungen im Krieg, knappen Ressourcen und potenziell wichtigen Informationen beibringen.<\/p>\n\n\n\n<p>Eine weiteres Figurenpaar in Goebbels\u2018 Propaganda hie\u00df \u201eDie Liese und die Miese\u201c. Anhand eines Plakats, das ich an einer Kellert\u00fcre in Wien entdeckte, erz\u00e4hle ich von der kurzen und erfolglosen Episode dieses staatlich gelenkten Erziehungsversuchs, in dessen Kurzfilmversionen eine Schauspielerin, die heute noch vielen bekannt ist, ihre ersten Erfahrungen im Film sammelte.<\/p>\n\n\n\n<h3 class=\"wp-block-heading\"><br>Die Liese und die Miese<\/h3>\n\n\n\n<p><br>Schon 1939\/1940 kreierte man in Goebbels Ministerium mit Tran und Helle zwei Figuren, die das richtige und das falsche Verhalten in bestimmten Situationen in Form eines Dialoges zwischen zwei M\u00e4nnern gegen\u00fcberstellte. W\u00e4hrend Tran sich im nationalsozialistischen Sinne nie korrekt verhielt, war Helle der Linientreue, der dem Volk als Vorbild dienen sollte. In 47 heute noch erhaltenen Episoden brachten die beiden jene \u201eWeisheiten\u201c unter das Volk, die diesem ein gutes Leben und \u00dcberleben in Zeiten des Krieges erm\u00f6glichen sollten. Diese Kurzfilmreihe war beliebt und wurde 1940 nur wegen fehlender Sendezeit aus dem Programm gestrichen.<\/p>\n\n\n\n<p>Ende 1943 kehrte der Gut-Schlecht-Dualismus zur\u00fcck, diesmal jedoch in Gestalt zweier Frauen \u2013 sie waren die Liese und die Miese. Liese war blond, gro\u00df, gut gekleidet, gepflegt und l\u00f6ste Probleme. Ihre Rolle wurde als optimistisch und nationalsozialistisch einwandfrei konzipiert. Ihr gegen\u00fcber stand die Miese, die n\u00f6rgelte, nicht auf ihr \u00c4u\u00dferes achtete, Fehler und Vergehen beging und stets pessimistisch auf die Welt blickte. Goebbels\u2018 Glaube bestand darin, die Bev\u00f6lkerung w\u00fcrde danach streben so zu werden wie die Liese.<\/p>\n\n\n\n<p>Am 14. Dezember 1943 k\u00fcndigte Hans Lehmann, ein Filmproduzent, in einem kurzen Zeitungsartikel unter dem Titel \u201eZwei neue Typen im Film\u201c die frischen Figuren aus dem Propagandaministerium an:<\/p>\n\n\n\n<p class=\"has-text-color has-background\" style=\"color:#ffffff;background-color:#134413\">\u201eIn einer Sondervorf\u00fchrung in Berlin sah man den in K\u00fcrze als Vorspann zur Wochenschau laufenden Film \u201aEisenbahnverkehr zu Weihnachten\u2018. \u00c4hnlich wie seinerzeit die Figuren Tran und Helle als Typen des ewig n\u00f6rgelnden einerseits und positiv eingestellten Menschen unserer Zeit andererseits im allt\u00e4glichen Leben beobachtet wurden, so treten hier erstmalig zwei weibliche Figuren, Liese und Miese in Erscheinung. Liese ist das aufrechte, kluge, gerade und bejahende M\u00e4dchen der Gegenwart, die um die Schicksalsbedeutung des Ringens wei\u00df; Miese ist die Karikatur der hysterischen, n\u00f6rgelnden, meckernden Klatschbase, die nur an sich denkt und deren Verstand nicht weiterreicht als ihre Kulpnase. Liese ist mit der sch\u00f6nen Offenheit im Gesicht, die das M\u00e4dchen unserer Zeit kennzeichnet, Gerhild Weber. Brigitte Mira, die wir das erstemal im Film sehen \u2013 bisher entfaltete sie ihr Talent im Kabarett der Komiker in Berlin als hervorragende Soubrette \u2013 spielt mit opfervoller Selbst\u00fcberwindung weiblicher Eitelkeit die mordsh\u00e4\u00dfliche Miese. Es ist ohne Zweifel, da\u00df die beiden weiblichen Figuren bald ebenso volkst\u00fcmlich sein werden, wie es damals die beiden m\u00e4nnlichen gewesen sind.\u201c<sup>1<\/sup><\/p>\n\n\n\n<p>Zwei Wochen sp\u00e4ter erschien erneut ein Zeitungsartikel, der unter dem Titel \u201eSo spricht Liese, so meckert Miese\u201c Sinn und Zweck der Kurzfilme beschrieb:<\/p>\n\n\n\n<p class=\"has-text-color has-background\" style=\"color:#ffffff;background-color:#134413\">\u201eIn diesen Tagen beginnt das erste Exemplar einer Reihe von kurzen in pointierter Form gebrachten Filmen anzulaufen, die sich darum bem\u00fchen, dem gro\u00dfen Publikum alle diejenigen Notwendigkeiten und Schwierigkeiten, die der Krieg mit sich bringt, so vor Augen zu f\u00fchren, wie sie gesehen werden wollen und gesehen werden m\u00fcssen. Wenn wir in diesen vor der Wochenschau laufenden, \u00e4hnlich wie Tran- und Helle-Filme gestalteten Streifen zwei Figuren immer wieder begegnen, die sich uns sicher bald einpr\u00e4gen werden, die vern\u00fcnftige Liese und die ewig meckernde, immer alles besser wissende Miese, dann werden wir merken, da\u00df diese Figuren alle beide zu bestimmten Zeiten in uns selbst erscheinen, sowohl die vern\u00fcnftige als auch die allem Notwendigen widerstrebende, so da\u00df diese Filme uns ein Spiegel sein werden f\u00fcr unser eigenes Tun, vor dem wir h\u00e4ufig genug erschrecken.<br>Der erste dieser Filme greift gleich ein in ein besonderes brennendes Problem, in die Frage nach der privaten Reise, und er gibt uns die Antwort, da\u00df wir hier sowohl die Tatsache als auch die Motive achten m\u00fcssen, die die F\u00fchrung bewogen haben, das Eisenbahnfahren von Privaten weitgehend einzuschr\u00e4nken. Erst m\u00fcssen wir den Krieg gewinnen, das sehen wir alle ein, zumindest in Stunden ruhiger \u00dcberlegung, dann k\u00f6nnen wir wieder leben wie vordem, aber auch nur dann.\u201c<sup>2<\/sup><\/p>\n\n\n\n<p>In den Kurzfilmen spielte Gerhild Weber die Liese und Brigitte Mira die Miese. Da Mira durch gef\u00e4lschte Papiere ihre j\u00fcdische Herkunft verbergen konnte, scheint es eine gewisse Ironie des Schicksals gewesen zu sein, dass sie ausgerechnet die Rolle der Figur spielen durfte, die jedem \u00fcberzeugten Nationalsozialisten wie Hohn erscheinen musste.<br>Der Drehbuchautor der Kurzfilme war Friedrich Luft, als Regisseur arbeitete Eugen York.<\/p>\n\n\n\n<p>Diversen Filmportalen zufolge spielte Gisela Schl\u00fcter die Liese, allerdings konnte ich bei meinen Recherchen nur Gerhild Weber in dieser Rolle entdecken. Auch im oben zitierten Artikel wird sie namentlich angef\u00fchrt, Gisela Schl\u00fcter jedoch nicht. Ebenso zeigen die beiden Kurzfilme am Ende dieses Artikels meines Erachtens Gerhild Weber.<\/p>\n\n\n\n<p>Inhaltlich handelten die Karikaturen, Filme und Postkarten von Situationen und Themen des t\u00e4glichen Lebens, in denen sich die Bev\u00f6lkerung dank der filmischen Erziehungsma\u00dfnahme nun \u201erichtig\u201c verhalten sollte:<\/p>\n\n\n\n<ul class=\"wp-block-list\">\n<li>Nutzung des Eisenbahnverkehrs f\u00fcr private Reisen<\/li>\n\n\n\n<li>Verschwendung<\/li>\n\n\n\n<li>Verbreitung von Ger\u00fcchten<\/li>\n\n\n\n<li>Bel\u00e4stigung der Nachbarn durch zu lautes Radio<\/li>\n\n\n\n<li>Spenden, etwa f\u00fcr das Winterhilfswerk<\/li>\n\n\n\n<li>Instandhaltung des Luftschutzkellers<\/li>\n\n\n\n<li>Leben auf gro\u00dfem Fu\u00df<\/li>\n\n\n\n<li>Altstoffsammlung<\/li>\n\n\n\n<li>Hypochondrie<\/li>\n\n\n\n<li>Auf das \u00c4u\u00dfere und gute Kleidung achten<\/li>\n\n\n\n<li>Hamstern<\/li>\n\n\n\n<li><a href=\"https:\/\/www.worteimdunkel.at\/?p=7187\">Ausplaudern von Geheimnissen<\/a><\/li>\n\n\n\n<li>Dankbarkeit und Mithilfe<\/li>\n<\/ul>\n\n\n\n<p>Brigitte Mira beschrieb ihre Geschichte in der Rolle der Miese in ihren Memoiren so:<\/p>\n\n\n\n<p class=\"has-text-color has-background\" style=\"color:#ffffff;background-color:#134413\">\u201eDie Miese sollte nat\u00fcrlich negativ wirken, h\u00e4sslich aussehen, ungepflegt herumlaufen, eine richtige Schreckschraube wurde da gesucht.<br>[\u2026]<br>Die Rolle in \u201aLiese und Miese\u2018 hat mir sehr viel Spa\u00df gemacht. Ich war noch sehr jung damals und durfte alles sagen, was kein anderer Mensch sagen durfte.<br>[\u2026]<br>Allerdings [\u2026] kamen York, Luft und ich nicht lange in den Genuss, uns in diesem Freiraum des Filmwesens zu bewegen, denn als Goebbels die ersten Kurzfilme sah und von den Reaktionen des Publikums h\u00f6rte, das ausgerechnet die Miese sofort ins Herz geschlossen hatte, wurde die Serie unverz\u00fcglich abgesetzt.\u201c<sup>3<\/sup><\/p>\n\n\n\n<p>Die Geschichte von Liese und Miese war also nur eine kurze. In den Kinoank\u00fcndigungen war es mir nur m\u00f6glich, eine einzige Episode zu entdecken: Zwischen 27. Februar und 3. M\u00e4rz 1944 wurde die Folge \u201eLiese und Miese am Land\u201c, die auch am Ende des Artikels auf YouTube verlinkt ist, angek\u00fcndigt.<sup>4<\/sup> Falls weitere Episoden ausgestrahlt wurden \u2013 Ramon Schack erw\u00e4hnt zehn Folgen ohne jedoch eine Quelle anzuf\u00fchren<sup>5<\/sup> \u2013 wurden sie entweder nicht gesondert unter \u201eLiese und Miese\u201c verlautbart oder nur noch unter dem jeweiligen behandelten Thema, was die Auffindung in der Datenbank schwierig werden l\u00e4sst.  Auch die \u201eLiese und Miese\u201c-Karikaturen finden sich nur zwischen Mitte Dezember 1943 und Anfang M\u00e4rz 1944 in den damaligen Zeitungen (siehe Bildergalerie unten).<\/p>\n\n\n\n<p>Eventuell waren die Ausstrahlungen der Kurzfilme im Vorspann der Wochenschau mit dem Erscheinen der Karikaturen in Zeitungen synchronisiert. Im oben zitierten zweiten Zeitungsartikel vom 28. Dezember 1943 kommt das Problem der privaten Reise zur Sprache. Dieses Thema entspricht auch dem der ersten Karikaturen vom 12. beziehungsweise 15. Dezember.<\/p>\n\n\n\n<h3 class=\"wp-block-heading\"><br>Das Publikum<\/h3>\n\n\n\n<p><br>Welche Wirkung erzielten die \u201eLiese und Miese\u201c-Filme beim Publikum? Wie oben schon erw\u00e4hnt, identifizierten sich die Menschen mit der Miese, weil diese echter und nat\u00fcrlicher wirkte und in ihrem Handeln sympathischer erschien, als die nationalsozialistische Vorzeigehausfrau Liese. Der Miese flogen die Herzen zu, sodass Goebbels die Ausstrahlung der Episoden wegen der ihm v\u00f6llig unverst\u00e4ndlichen Verbr\u00fcderung des Publikums mit dem \u201efalschen\u201c Rollencharakter einstellte.<\/p>\n\n\n\n<p>Zumindest aus einem Bundesland ist die Reaktion der Bev\u00f6lkerung auf die Liese und die Miese wenigstens in \u00fcberblicksartiger Form \u00fcberliefert. In dem Zeitungsartikel mit dem Titel \u201eSeine Ruah\u201c von Ende November 1945 beschrieb der Verfasser mit den Initialen D.B. das Verhalten der Wiener in etwas \u00fcbertriebener Form so:<\/p>\n\n\n\n<p class=\"has-text-color has-background\" style=\"color:#ffffff;background-color:#134413\">\u201eDer Wiener will bekanntlich seine Ruah haben.<br>[\u2026]<br>Was allerdings nicht hinderte, da\u00df, zusammen mit der Ordnung, der Krieg in unser Land gesetzt wurde. Sechs Jahre lang lie\u00df man dem Wiener \u201aka Ruah\u2018. Er r\u00e4chte sich daf\u00fcr auf die ihm gem\u00e4\u00dfe Art: er machte \u201aPassive \u2026\u2018. Er leistete in elf Arbeitsstunden nicht mehr als fr\u00fcher in acht. Die Aufrufe zur Sparsamkeit beantwortete er damit, da\u00df er das Licht \u00fcberhaupt nicht mehr abdrehte und \u201adie Gas\u2018 auch zum Heizen, in besondes hartn\u00e4ckigen F\u00e4llen sogar zum t\u00e4glichen Bad verwendete. Angesichts der preu\u00dfisch-humorigen Gestalten des \u201aKohlenklau\u2018, der \u201aLiese und Miese\u2018 und \u00e4hnlicher geistiger Anregungen gab es f\u00fcr ihn nur ein ver\u00e4chtliches \u201aNet amal ignorieren!\u2018\u201c<sup>6<\/sup><\/p>\n\n\n\n<h3 class=\"wp-block-heading\"><br>Liese und Miese an der Wiener Kellert\u00fcr<\/h3>\n\n\n\n<p><br>Als in \u00d6sterreich mit Sommer\/Herbst 1943 die strategischen Luftangriffe einsetzten, trafen sie die Zivilbev\u00f6lkerung zwar unerwartet, aber nicht unvorbereitet. 1935 war bereits der \u00d6sterreichische Luftschutzbund (\u00d6LB) gegr\u00fcndet worden, der Verhaltensregeln und Ma\u00dfnahmen im Luftschutzkeller definierte. 1938 wurde der \u00d6LB vom deutschen Reichsluftschutzbund (RLB) \u00fcbernommen, der dessen Arbeit nahtlos fortsetzte. <\/p>\n\n\n\n<p>Um die Bev\u00f6lkerung an die Gefahren zu gew\u00f6hnen, die sie im Luftkrieg zu erwarten hatten, ver\u00f6ffentlichte der RLB \u2013 und zuvor schon der \u00d6LB \u2013 zahlreiche Zeitschriften und Brosch\u00fcren. In Luftschutz\u00fcbungen konnten die Leute ihr bisher theoretisches Wissen in der Praxis festigen.<br>Dennoch war der Aufenthalt im Luftschutzkeller immer mit Angst und der bangen Frage verbunden, ob das Haus, in dessen Keller man sa\u00df, und seine Bewohner dieses Bombardement unbeschadet \u00fcberstehen w\u00fcrden. <\/p>\n\n\n\n<figure class=\"wp-block-image size-large\"><img loading=\"lazy\" decoding=\"async\" width=\"797\" height=\"1200\" src=\"https:\/\/www.worteimdunkel.at\/wp-content\/uploads\/2019\/12\/11_Miese_1940-45.jpg\" alt=\"Plakat am Eingang zu einem Luftschutzkeller\" class=\"wp-image-3680\" srcset=\"https:\/\/www.worteimdunkel.at\/wp-content\/uploads\/2019\/12\/11_Miese_1940-45.jpg 797w, https:\/\/www.worteimdunkel.at\/wp-content\/uploads\/2019\/12\/11_Miese_1940-45-199x300.jpg 199w, https:\/\/www.worteimdunkel.at\/wp-content\/uploads\/2019\/12\/11_Miese_1940-45-768x1156.jpg 768w\" sizes=\"auto, (max-width: 797px) 100vw, 797px\" \/><figcaption class=\"wp-element-caption\">Mit solchen Plakaten wollte man den Luftschutzgedanken im Alltag der Zivilbev\u00f6lkerung verankern und ihm den Schrecken nehmen<\/figcaption><\/figure>\n\n\n\n<p>Um den Menschen die Angst zu nehmen, ihnen Struktur zu geben und den Luftschutz in den Alltag zu integrieren, wurden Merkbl\u00e4tter, Vorschriften, Ordnungstafeln und \u201ehumorvolle\u201c Sinnspr\u00fcche wie jener im Bild zum Aushang gebracht. Sinn war wohl, in den K\u00f6pfen der Bev\u00f6lkerung das Bewusstsein zu schaffen, dass im Luftschutzkeller alle gleich w\u00e4ren und jeder seine Aufgabe h\u00e4tte. Die Miese kommt entsprechend ihrer negativen Rolle im Vers nicht gut weg. Sie erscheint wie \u00fcblich n\u00f6rgelnd und meckernd am Eingang zum Luftschutzraum, w\u00e4hrend die brave Liese und eine namentlich nicht n\u00e4her definierte dritte Hausfrau schon eifrig den Raum reinigen.<\/p>\n\n\n\n<p>Der Text am Plakat lautet:<\/p>\n\n\n\n<p class=\"has-text-color has-background\" style=\"color:#ffffff;background-color:#134413\">\u201eWenn alle gl\u00fccklich sich geeinigt,<br>wer nun den Luftschutzkeller reinigt,<br>dann hat die Miese niemals Zeit!<br>Doch mu\u00df sie nachts mal in den Keller,<br>dann schnurrt ihr Mundwerk wie&#8217;n Propeller,<br>ob mangelhafter Sauberkeit!\u201c<\/p>\n\n\n\n<p>Leider hat die Substanz des Plakats in den vergangenen Jahrzehnten durch seine exponierte Lage an der Au\u00dfenseite einer Wiener Kellert\u00fcr stark gelitten. Viel ist vom Bild nicht mehr zu erkennen. Bei meinen Recherchen konnte ich in der Datenbank <a href=\"http:\/\/anno.onb.ac.at\/\">ANNO \u2013 AustriaN Newspapers Online<\/a> der \u00d6sterreichischen Nationalbibliothek einige Zeitungsausgaben entdecken, in denen die \u201eLiese und Miese\u201c-Karikaturen abgedruckt wurden. In der unten eingef\u00fcgten Galerie entspricht das Plakat an der Kellert\u00fcr dem Bild vom 26. Februar 1944.<\/p>\n\n\n\n<h3 class=\"wp-block-heading\"><br>Karikaturen in Zeitungen<\/h3>\n\n\n\n<p><br>Die Karikaturen der Liese und der Miese, die zwischen Dezember 1943 und M\u00e4rz 1944 in Zeitungen oder als Postkarten gedruckt wurden, entsprangen der Feder des Karikaturisten Hans Zoozmann.<\/p>\n\n\n\n<p>Klicke auf die obere H\u00e4lfte des Vorschaubilds, um es gr\u00f6\u00dfer anzuzeigen.<br>Klicke auf den Text, um zur digitalisierten Ausgabe der jeweiligen Zeitung in der ANNO-Datenbank zu kommen.<\/p>\n\n\n\n<figure class=\"wp-block-gallery aligncenter has-nested-images columns-3 wp-block-gallery-1 is-layout-flex wp-block-gallery-is-layout-flex\">\n<figure class=\"wp-block-image size-thumbnail\"><a href=\"https:\/\/www.worteimdunkel.at\/wp-content\/uploads\/2020\/07\/11_1943-12-12-Das-kleine-Volksblatt-Seite-8.jpg\"><img loading=\"lazy\" decoding=\"async\" width=\"150\" height=\"150\" data-id=\"9504\" src=\"https:\/\/www.worteimdunkel.at\/wp-content\/uploads\/2020\/07\/11_1943-12-12-Das-kleine-Volksblatt-Seite-8-150x150.jpg\" alt=\"Cartoon Miese und Liese vom 12. Dezember 1943\" class=\"wp-image-9504\"\/><\/a><figcaption class=\"wp-element-caption\"><a href=\"http:\/\/anno.onb.ac.at\/cgi-content\/anno?aid=dkv&amp;datum=19431212&amp;seite=8&amp;zoom=33\"><span class=\"has-inline-color has-white-color\">Das kleine Volksblatt<br>12. Dezember 1943<br>Seite 8<\/span><\/a><\/figcaption><\/figure>\n\n\n\n<figure class=\"wp-block-image size-thumbnail\"><a href=\"https:\/\/www.worteimdunkel.at\/wp-content\/uploads\/2020\/07\/11_1943-12-15-Illustrierte-Kronen-Zeitung-Seite-4.jpg\"><img loading=\"lazy\" decoding=\"async\" width=\"150\" height=\"150\" data-id=\"9505\" src=\"https:\/\/www.worteimdunkel.at\/wp-content\/uploads\/2020\/07\/11_1943-12-15-Illustrierte-Kronen-Zeitung-Seite-4-150x150.jpg\" alt=\"Cartoon Miese und Liese vom 15. Dezember 1943\" class=\"wp-image-9505\"\/><\/a><figcaption class=\"wp-element-caption\"><a href=\"http:\/\/anno.onb.ac.at\/cgi-content\/anno?aid=krz&amp;datum=19431215&amp;seite=4&amp;zoom=33\"><span class=\"has-inline-color has-white-color\">Illustrierte Kronen Zeitung<br>15. Dezember 1943<br>Seite 4<\/span><\/a><\/figcaption><\/figure>\n\n\n\n<figure class=\"wp-block-image size-thumbnail\"><a href=\"https:\/\/www.worteimdunkel.at\/wp-content\/uploads\/2020\/07\/11_1943-12-15-Znaimer-Tagblatt-Seite-3.jpg\"><img loading=\"lazy\" decoding=\"async\" width=\"150\" height=\"150\" data-id=\"9506\" src=\"https:\/\/www.worteimdunkel.at\/wp-content\/uploads\/2020\/07\/11_1943-12-15-Znaimer-Tagblatt-Seite-3-150x150.jpg\" alt=\"Cartoon Miese und Liese vom 15. Dezember 1943\" class=\"wp-image-9506\"\/><\/a><figcaption class=\"wp-element-caption\"><a href=\"http:\/\/anno.onb.ac.at\/cgi-content\/anno?aid=ztb&amp;datum=19431215&amp;seite=3&amp;zoom=33\"><span class=\"has-inline-color has-white-color\">Znaimer Tagblatt<br>15. Dezember 1943<br>Seite 3<\/span><\/a><\/figcaption><\/figure>\n\n\n\n<figure class=\"wp-block-image size-thumbnail\"><a href=\"https:\/\/www.worteimdunkel.at\/wp-content\/uploads\/2020\/07\/11_1943-12-22-Oberwarther-Sonntags-Zeitung-Seite-3.jpg\"><img loading=\"lazy\" decoding=\"async\" width=\"150\" height=\"150\" data-id=\"9507\" src=\"https:\/\/www.worteimdunkel.at\/wp-content\/uploads\/2020\/07\/11_1943-12-22-Oberwarther-Sonntags-Zeitung-Seite-3-150x150.jpg\" alt=\"Cartoon Miese und Liese vom 22. Dezember 1943\" class=\"wp-image-9507\"\/><\/a><figcaption class=\"wp-element-caption\"><a href=\"http:\/\/anno.onb.ac.at\/cgi-content\/anno?aid=oso&amp;datum=19431222&amp;seite=3&amp;zoom=33\"><span class=\"has-inline-color has-white-color\">Oberwarther Sonntags-Zeitung<br>22. Dezember 1943<br>Seite 3<\/span><\/a><\/figcaption><\/figure>\n\n\n\n<figure class=\"wp-block-image size-thumbnail\"><a href=\"https:\/\/www.worteimdunkel.at\/wp-content\/uploads\/2020\/07\/11_1944-01-12-Volks-Zeitung-Seite-3.jpg\"><img loading=\"lazy\" decoding=\"async\" width=\"150\" height=\"150\" data-id=\"9508\" src=\"https:\/\/www.worteimdunkel.at\/wp-content\/uploads\/2020\/07\/11_1944-01-12-Volks-Zeitung-Seite-3-150x150.jpg\" alt=\"Cartoon Miese und Liese vom 12. J\u00e4nner 1944\" class=\"wp-image-9508\"\/><\/a><figcaption class=\"wp-element-caption\"><a href=\"http:\/\/anno.onb.ac.at\/cgi-content\/anno?aid=ovz&amp;datum=19440112&amp;seite=3&amp;zoom=33\"><span class=\"has-inline-color has-white-color\">Volks-Zeitung<br>12. J\u00e4nner 1944<br>Seite 3<\/span><\/a><\/figcaption><\/figure>\n\n\n\n<figure class=\"wp-block-image size-thumbnail\"><a href=\"https:\/\/www.worteimdunkel.at\/wp-content\/uploads\/2020\/07\/11_1944-01-17-Kleine-Volks-Zeitung-Seite-5.jpg\"><img loading=\"lazy\" decoding=\"async\" width=\"150\" height=\"150\" data-id=\"9509\" src=\"https:\/\/www.worteimdunkel.at\/wp-content\/uploads\/2020\/07\/11_1944-01-17-Kleine-Volks-Zeitung-Seite-5-150x150.jpg\" alt=\"Cartoon Miese und Liese vom 17. J\u00e4nner 1944\" class=\"wp-image-9509\"\/><\/a><figcaption class=\"wp-element-caption\"><a href=\"http:\/\/anno.onb.ac.at\/cgi-content\/anno?aid=kvz&amp;datum=19440117&amp;seite=5&amp;zoom=33\"><span class=\"has-inline-color has-white-color\">Kleine Volkszeitung<br>17. J\u00e4nner 1944<br>Seite 5<\/span><\/a><\/figcaption><\/figure>\n\n\n\n<figure class=\"wp-block-image size-thumbnail\"><a href=\"https:\/\/www.worteimdunkel.at\/wp-content\/uploads\/2020\/07\/11_1944-01-28-Neues-Wiener-Tagblatt-Seite-3.jpg\"><img loading=\"lazy\" decoding=\"async\" width=\"150\" height=\"150\" data-id=\"9510\" src=\"https:\/\/www.worteimdunkel.at\/wp-content\/uploads\/2020\/07\/11_1944-01-28-Neues-Wiener-Tagblatt-Seite-3-150x150.jpg\" alt=\"Cartoon Miese und Liese vom 28. J\u00e4nner 1944\" class=\"wp-image-9510\"\/><\/a><figcaption class=\"wp-element-caption\"><a href=\"http:\/\/anno.onb.ac.at\/cgi-content\/anno?aid=nwg&amp;datum=19440128&amp;seite=3&amp;zoom=33\"><span class=\"has-inline-color has-white-color\">Neues Wiener Tagblatt<br>28. J\u00e4nner 1944<br>Seite 3<\/span><\/a><\/figcaption><\/figure>\n\n\n\n<figure class=\"wp-block-image size-thumbnail\"><a href=\"https:\/\/www.worteimdunkel.at\/wp-content\/uploads\/2020\/07\/11_1944-02-04-Neues-Wiener-Tagblatt-Seite-3.jpg\"><img loading=\"lazy\" decoding=\"async\" width=\"150\" height=\"150\" data-id=\"9511\" src=\"https:\/\/www.worteimdunkel.at\/wp-content\/uploads\/2020\/07\/11_1944-02-04-Neues-Wiener-Tagblatt-Seite-3-150x150.jpg\" alt=\"Cartoon Miese und Liese vom 4. Februar 1944\" class=\"wp-image-9511\"\/><\/a><figcaption class=\"wp-element-caption\"><a href=\"http:\/\/anno.onb.ac.at\/cgi-content\/anno?aid=nwg&amp;datum=19440204&amp;seite=3&amp;zoom=33\"><span class=\"has-inline-color has-white-color\">Neues Wiener Tagblatt<br>4. Februar 1944<br>Seite 3<\/span><\/a><\/figcaption><\/figure>\n\n\n\n<figure class=\"wp-block-image size-thumbnail\"><a href=\"https:\/\/www.worteimdunkel.at\/wp-content\/uploads\/2020\/07\/11_1944-02-08-Kleine-Volks-Zeitung-Seite-3.jpg\"><img loading=\"lazy\" decoding=\"async\" width=\"150\" height=\"150\" data-id=\"9512\" src=\"https:\/\/www.worteimdunkel.at\/wp-content\/uploads\/2020\/07\/11_1944-02-08-Kleine-Volks-Zeitung-Seite-3-150x150.jpg\" alt=\"Cartoon Miese und Liese vom 8. Februar 1944\" class=\"wp-image-9512\"\/><\/a><figcaption class=\"wp-element-caption\"><a href=\"http:\/\/anno.onb.ac.at\/cgi-content\/anno?aid=kvz&amp;datum=19440208&amp;seite=3&amp;zoom=33\"><span class=\"has-inline-color has-white-color\">Kleine Volks-Zeitung<br>8. Februar 1944<br>Seite 3<\/span><\/a><\/figcaption><\/figure>\n\n\n\n<figure class=\"wp-block-image size-thumbnail\"><a href=\"https:\/\/www.worteimdunkel.at\/wp-content\/uploads\/2020\/11\/1944-02-20-Illustrierte-Kronen-Zeitung-Seite-8-1.png\"><img loading=\"lazy\" decoding=\"async\" width=\"150\" height=\"150\" data-id=\"11871\" src=\"https:\/\/www.worteimdunkel.at\/wp-content\/uploads\/2020\/11\/1944-02-20-Illustrierte-Kronen-Zeitung-Seite-8-1-150x150.png\" alt=\"\" class=\"wp-image-11871\"\/><\/a><figcaption class=\"wp-element-caption\"><a href=\"http:\/\/anno.onb.ac.at\/cgi-content\/anno?aid=krz&amp;datum=19440220&amp;seite=8\"><span class=\"has-inline-color has-white-color\">Illustrierte Kronen Zeitung<br>20. Februar 1944<br>Seite 8<\/span><\/a><\/figcaption><\/figure>\n\n\n\n<figure class=\"wp-block-image size-thumbnail\"><a href=\"https:\/\/www.worteimdunkel.at\/wp-content\/uploads\/2020\/07\/11_1944-02-26-Das-kleine-Volksblatt-Seite-4.jpg\"><img loading=\"lazy\" decoding=\"async\" width=\"150\" height=\"150\" data-id=\"9513\" src=\"https:\/\/www.worteimdunkel.at\/wp-content\/uploads\/2020\/07\/11_1944-02-26-Das-kleine-Volksblatt-Seite-4-150x150.jpg\" alt=\"Cartoon Miese und Liese vom 26. Februar 1944\" class=\"wp-image-9513\"\/><\/a><figcaption class=\"wp-element-caption\"><a href=\"http:\/\/anno.onb.ac.at\/cgi-content\/anno?aid=dkv&amp;datum=19440226&amp;seite=4&amp;zoom=33\"><span class=\"has-inline-color has-white-color\">Das kleine Volksblatt<br>26. Februar 1944<br>Seite 4<\/span><\/a><\/figcaption><\/figure>\n\n\n\n<figure class=\"wp-block-image size-thumbnail\"><a href=\"https:\/\/www.worteimdunkel.at\/wp-content\/uploads\/2020\/07\/11_1944-03-03-Neues-Wiener-Tagblatt-Seite-4.jpg\"><img loading=\"lazy\" decoding=\"async\" width=\"150\" height=\"150\" data-id=\"9514\" src=\"https:\/\/www.worteimdunkel.at\/wp-content\/uploads\/2020\/07\/11_1944-03-03-Neues-Wiener-Tagblatt-Seite-4-150x150.jpg\" alt=\"Cartoon Miese und Liese vom 3. M\u00e4rz 1944\" class=\"wp-image-9514\"\/><\/a><figcaption class=\"wp-element-caption\"><a href=\"http:\/\/anno.onb.ac.at\/cgi-content\/anno?aid=nwg&amp;datum=19440303&amp;seite=4&amp;zoom=33\"><span class=\"has-inline-color has-white-color\">Neues Wiener Tagblatt<br>3. M\u00e4rz 1944<br>Seite 4<\/span><\/a><\/figcaption><\/figure>\n\n\n\n<figure class=\"wp-block-image size-thumbnail\"><a href=\"https:\/\/www.worteimdunkel.at\/wp-content\/uploads\/2020\/07\/11_1944-03-07-Kleine-Volks-Zeitung-Seite-4.jpg\"><img loading=\"lazy\" decoding=\"async\" width=\"150\" height=\"150\" data-id=\"9516\" src=\"https:\/\/www.worteimdunkel.at\/wp-content\/uploads\/2020\/07\/11_1944-03-07-Kleine-Volks-Zeitung-Seite-4-150x150.jpg\" alt=\"Cartoon Miese und Liese vom 7. M\u00e4rz 1944\" class=\"wp-image-9516\"\/><\/a><figcaption class=\"wp-element-caption\"><a href=\"http:\/\/anno.onb.ac.at\/cgi-content\/anno?aid=kvz&amp;datum=19440307&amp;seite=4&amp;zoom=33\"><span class=\"has-inline-color has-white-color\">Kleine Volks-Zeitung<br>7. M\u00e4rz 1944<br>Seite 4<\/span><\/a><\/figcaption><\/figure>\n<\/figure>\n\n\n\n<h3 class=\"wp-block-heading\"><br>Ansichtskarten<\/h3>\n\n\n\n<p><br>Diese Ansichtskarten fand ich teilweise im Zuge der Internet-Recherche. Sie stammen aus verschiedenen Quellen:<br><br>1: https:\/\/www.ansichtskarten-center.de\/webshop\/shop\/ProdukteBilder\/11005\/AK_10502420_gr_1.jpg<br>2: https:\/\/www.ebay.de\/itm\/113144563525<br>3: https:\/\/www.ebay.de\/itm\/113642232938<br>4: https:\/\/www.ansichtskarten-center.de\/humor-karikatur-sonstiges\/kuenstlerkarte-die-liese-und-die-miese-humor?isSearchRequest=Y<br>5: https:\/\/www.ebay.de\/i\/113642231485<br>6 und 7: Ver\u00f6ffentlicht mit freundlicher Genehmigung durch Herrn Martin Rohling.<\/p>\n\n\n\n<p>Leider sind die Karten nicht datiert. Vermutlich sind sie auch dem Zeitraum Dezember 1943 bis M\u00e4rz 1944 zuzuordnen.<\/p>\n\n\n\n<figure class=\"wp-block-gallery aligncenter has-nested-images columns-default is-cropped wp-block-gallery-2 is-layout-flex wp-block-gallery-is-layout-flex\">\n<figure class=\"wp-block-image size-large\"><a href=\"https:\/\/www.worteimdunkel.at\/wp-content\/uploads\/2019\/12\/Liese-und-Miese_1.jpg\"><img loading=\"lazy\" decoding=\"async\" width=\"478\" height=\"640\" data-id=\"9548\" src=\"https:\/\/www.worteimdunkel.at\/wp-content\/uploads\/2019\/12\/Liese-und-Miese_1.jpg\" alt=\"Postkarte Liese und Miese\" class=\"wp-image-9548\" srcset=\"https:\/\/www.worteimdunkel.at\/wp-content\/uploads\/2019\/12\/Liese-und-Miese_1.jpg 478w, https:\/\/www.worteimdunkel.at\/wp-content\/uploads\/2019\/12\/Liese-und-Miese_1-224x300.jpg 224w\" sizes=\"auto, (max-width: 478px) 100vw, 478px\" \/><\/a><figcaption class=\"wp-element-caption\">1<\/figcaption><\/figure>\n\n\n\n<figure class=\"wp-block-image size-large\"><a href=\"https:\/\/www.worteimdunkel.at\/wp-content\/uploads\/2019\/12\/Liese-und-Miese_2.jpg\"><img loading=\"lazy\" decoding=\"async\" width=\"609\" height=\"871\" data-id=\"9549\" src=\"https:\/\/www.worteimdunkel.at\/wp-content\/uploads\/2019\/12\/Liese-und-Miese_2.jpg\" alt=\"Postkarte Liese und Miese\" class=\"wp-image-9549\" srcset=\"https:\/\/www.worteimdunkel.at\/wp-content\/uploads\/2019\/12\/Liese-und-Miese_2.jpg 609w, https:\/\/www.worteimdunkel.at\/wp-content\/uploads\/2019\/12\/Liese-und-Miese_2-210x300.jpg 210w\" sizes=\"auto, (max-width: 609px) 100vw, 609px\" \/><\/a><figcaption class=\"wp-element-caption\">2<\/figcaption><\/figure>\n\n\n\n<figure class=\"wp-block-image size-large\"><a href=\"https:\/\/www.worteimdunkel.at\/wp-content\/uploads\/2019\/12\/Liese-und-Miese_3.jpg\"><img loading=\"lazy\" decoding=\"async\" width=\"612\" height=\"860\" data-id=\"9550\" src=\"https:\/\/www.worteimdunkel.at\/wp-content\/uploads\/2019\/12\/Liese-und-Miese_3.jpg\" alt=\"Postkarte Liese und Miese\" class=\"wp-image-9550\" srcset=\"https:\/\/www.worteimdunkel.at\/wp-content\/uploads\/2019\/12\/Liese-und-Miese_3.jpg 612w, https:\/\/www.worteimdunkel.at\/wp-content\/uploads\/2019\/12\/Liese-und-Miese_3-213x300.jpg 213w\" sizes=\"auto, (max-width: 612px) 100vw, 612px\" \/><\/a><figcaption class=\"wp-element-caption\">3<\/figcaption><\/figure>\n\n\n\n<figure class=\"wp-block-image size-large\"><a href=\"https:\/\/www.worteimdunkel.at\/wp-content\/uploads\/2019\/12\/Liese-und-Miese_4.jpg\"><img loading=\"lazy\" decoding=\"async\" width=\"468\" height=\"640\" data-id=\"9551\" src=\"https:\/\/www.worteimdunkel.at\/wp-content\/uploads\/2019\/12\/Liese-und-Miese_4.jpg\" alt=\"Postkarte Liese und Miese\" class=\"wp-image-9551\" srcset=\"https:\/\/www.worteimdunkel.at\/wp-content\/uploads\/2019\/12\/Liese-und-Miese_4.jpg 468w, https:\/\/www.worteimdunkel.at\/wp-content\/uploads\/2019\/12\/Liese-und-Miese_4-219x300.jpg 219w\" sizes=\"auto, (max-width: 468px) 100vw, 468px\" \/><\/a><figcaption class=\"wp-element-caption\">4<\/figcaption><\/figure>\n\n\n\n<figure class=\"wp-block-image size-large\"><a href=\"https:\/\/www.worteimdunkel.at\/wp-content\/uploads\/2019\/12\/Liese-und-Miese_5.jpg\"><img loading=\"lazy\" decoding=\"async\" width=\"609\" height=\"871\" data-id=\"9552\" src=\"https:\/\/www.worteimdunkel.at\/wp-content\/uploads\/2019\/12\/Liese-und-Miese_5.jpg\" alt=\"Postkarte Liese und Miese mit Schattenmann\" class=\"wp-image-9552\" srcset=\"https:\/\/www.worteimdunkel.at\/wp-content\/uploads\/2019\/12\/Liese-und-Miese_5.jpg 609w, https:\/\/www.worteimdunkel.at\/wp-content\/uploads\/2019\/12\/Liese-und-Miese_5-210x300.jpg 210w\" sizes=\"auto, (max-width: 609px) 100vw, 609px\" \/><\/a><figcaption class=\"wp-element-caption\">5<\/figcaption><\/figure>\n\n\n\n<figure class=\"wp-block-image size-large\"><a href=\"https:\/\/www.worteimdunkel.at\/wp-content\/uploads\/2019\/12\/IMG_20210124_0012-scaled.jpg\"><img loading=\"lazy\" decoding=\"async\" width=\"810\" height=\"1200\" data-id=\"12620\" src=\"https:\/\/www.worteimdunkel.at\/wp-content\/uploads\/2019\/12\/IMG_20210124_0012-810x1200.jpg\" alt=\"Ansichtskarte \u2013 Liese und Miese \u2013 Altstoffsammlung\" class=\"wp-image-12620\" srcset=\"https:\/\/www.worteimdunkel.at\/wp-content\/uploads\/2019\/12\/IMG_20210124_0012-810x1200.jpg 810w, https:\/\/www.worteimdunkel.at\/wp-content\/uploads\/2019\/12\/IMG_20210124_0012-203x300.jpg 203w, https:\/\/www.worteimdunkel.at\/wp-content\/uploads\/2019\/12\/IMG_20210124_0012-768x1137.jpg 768w, https:\/\/www.worteimdunkel.at\/wp-content\/uploads\/2019\/12\/IMG_20210124_0012-1037x1536.jpg 1037w, https:\/\/www.worteimdunkel.at\/wp-content\/uploads\/2019\/12\/IMG_20210124_0012-1383x2048.jpg 1383w, https:\/\/www.worteimdunkel.at\/wp-content\/uploads\/2019\/12\/IMG_20210124_0012-scaled.jpg 1728w\" sizes=\"auto, (max-width: 810px) 100vw, 810px\" \/><\/a><figcaption class=\"wp-element-caption\">6<\/figcaption><\/figure>\n\n\n\n<figure class=\"wp-block-image size-large\"><a href=\"https:\/\/www.worteimdunkel.at\/wp-content\/uploads\/2019\/12\/IMG_20210124_0013-scaled.jpg\"><img loading=\"lazy\" decoding=\"async\" width=\"810\" height=\"1200\" data-id=\"12621\" src=\"https:\/\/www.worteimdunkel.at\/wp-content\/uploads\/2019\/12\/IMG_20210124_0013-810x1200.jpg\" alt=\"Ansichtskarte \u2013 Liese und Miese \u2013 Kinder kriegen\" class=\"wp-image-12621\" srcset=\"https:\/\/www.worteimdunkel.at\/wp-content\/uploads\/2019\/12\/IMG_20210124_0013-810x1200.jpg 810w, https:\/\/www.worteimdunkel.at\/wp-content\/uploads\/2019\/12\/IMG_20210124_0013-203x300.jpg 203w, https:\/\/www.worteimdunkel.at\/wp-content\/uploads\/2019\/12\/IMG_20210124_0013-768x1137.jpg 768w, https:\/\/www.worteimdunkel.at\/wp-content\/uploads\/2019\/12\/IMG_20210124_0013-1037x1536.jpg 1037w, https:\/\/www.worteimdunkel.at\/wp-content\/uploads\/2019\/12\/IMG_20210124_0013-1383x2048.jpg 1383w, https:\/\/www.worteimdunkel.at\/wp-content\/uploads\/2019\/12\/IMG_20210124_0013-scaled.jpg 1728w\" sizes=\"auto, (max-width: 810px) 100vw, 810px\" \/><\/a><figcaption class=\"wp-element-caption\">7<\/figcaption><\/figure>\n<\/figure>\n\n\n\n<h3 class=\"wp-block-heading\"><br>Kurzfilme<\/h3>\n\n\n\n<p><br><strong>Auf dem Lande \/ Auf dem Bauernhof<\/strong><\/p>\n\n\n\n<p>Dank der Zusendung des Films und der Zustimmung zur Ver\u00f6ffentlichung durch Herrn Martin Rohling kann ich hier den Kurzfilm zeigen, der die Liese und die Miese als \u201eEvakuierte\u201c am Bauernhof thematisiert. Die Miese spielt rollen\u00fcblich die n\u00f6rglerische Dame, der man nichts recht machen kann und die an allem etwas auszusetzen hat. Die Liese hingegen weist sowohl die Miese als auch die B\u00e4uerin stets darauf hin, was gut und richtig ist. Dabei erscheint sie rechthaberisch und oberlehrerhaft, weshalb es nicht verwundert, dass die Bev\u00f6lkerung damals ihre Sympathie auf der Miesen geb\u00fcndelt hat.<\/p>\n\n\n\n<figure class=\"wp-block-embed is-type-video is-provider-youtube wp-block-embed-youtube wp-embed-aspect-4-3 wp-has-aspect-ratio\"><div class=\"wp-block-embed__wrapper\">\n<iframe loading=\"lazy\" title=\"Die Liese und die Miese \u2013 Auf dem Bauernhof\" width=\"680\" height=\"510\" src=\"https:\/\/www.youtube.com\/embed\/Bf_gNZFKwcA?feature=oembed\" frameborder=\"0\" allow=\"accelerometer; autoplay; clipboard-write; encrypted-media; gyroscope; picture-in-picture; web-share\" allowfullscreen><\/iframe>\n<\/div><\/figure>\n\n\n\n<p><br><strong>Feind h\u00f6rt mit<\/strong><\/p>\n\n\n\n<p>In diesem Film sitzen die Liese und die Miese in einem Zugabteil gegen\u00fcber. Nachdem die Miese mit einem Fahrgast ins Gespr\u00e4ch kam und bedenkliche Informationen preisgab, geschieht etwas, das die Miese nie f\u00fcr m\u00f6glich gehalten h\u00e4tte (Film online unter: <a href=\"https:\/\/archive.org\/details\/1940-PSST-Feind-hoert-mit-1\">https:\/\/archive.org\/details\/1940-PSST-Feind-hoert-mit-1<\/a>).<\/p>\n\n\n\n<figure class=\"wp-block-video aligncenter\"><video controls src=\"https:\/\/archive.org\/download\/1940-PSST-Feind-hoert-mit-1\/1940-Psst-FeindHoertMit-VorsichtBeiGespraechen-DerSpionImZug6m01s640x480_512kb.mp4\"><\/video><\/figure>\n\n\n\n<p class=\"has-text-align-center has-white-background-color has-background\"><mark style=\"background-color:rgba(0, 0, 0, 0)\" class=\"has-inline-color has-black-color\">M\u00f6chtest Du Dich erkenntlich zeigen?<\/mark> <a href=\"https:\/\/www.worteimdunkel.at\/?page_id=6688\" data-type=\"page\" data-id=\"6688\">Hier hast Du die M\u00f6glichkeit dazu<\/a>.<\/p>\n\n\n\n<p><br><strong>Fu\u00dfnoten:<\/strong><\/p>\n\n\n\n<p><br>1 Artikel \u201eZwei neue Typen im Film\u201c. In: Das kleine Volksblatt, 14. Dezember 1943, Seite 5, online unter: ANNO Historische Zeitungen und Zeitschriften,<br><a href=\"http:\/\/anno.onb.ac.at\/cgi-content\/anno?aid=dkv&amp;datum=19431214&amp;ref=anno-search&amp;seite=5\">http:\/\/anno.onb.ac.at\/cgi-content\/anno?aid=dkv&amp;datum=19431214&amp;ref=anno-search&amp;seite=5<\/a> (23. Juli 2020)<\/p>\n\n\n\n<p>2 Artikel \u201eSo spricht Liese, so meckert Miese\u201c. In: Marburger Zeitung, 28. Dezember 1943, Seite 3, online unter: DiFMOE Digitales Forum Mittel- und Osteuropa,<br><a href=\"https:\/\/www.difmoe.eu\/d\/view\/uuid:f8248275-acae-44cd-b4de-e4b9cce64148?page=uuid:de8b8c2c-af9a-4fb3-b845-b94a721aca46\">https:\/\/www.difmoe.eu\/d\/view\/uuid:f8248275-acae-44cd-b4de-e4b9cce64148?page=uuid:de8b8c2c-af9a-4fb3-b845-b94a721aca46<\/a> (23. Juli 2020)<\/p>\n\n\n\n<p>3 Zitiert nach Reinhard <em>Krause<\/em>, Mosern f\u00fcrs Reich, online unter: taz.de,<br><a href=\"https:\/\/taz.de\/!1910043\/\">https:\/\/taz.de\/!1910043\/<\/a> (23. Juli 2020)<\/p>\n\n\n\n<p>4 Illustrierte Kronen-Zeitung, 27. Februar 1944, Seite 12, online unter: ANNO Historische Zeitungen und Zeitschriften, <a href=\"http:\/\/anno.onb.ac.at\/cgi-content\/anno?aid=krz&amp;datum=19440227&amp;ref=anno-search&amp;seite=12\">http:\/\/anno.onb.ac.at\/cgi-content\/anno?aid=krz&amp;datum=19440227&amp;ref=anno-search&amp;seite=12<\/a> (23. Juli 2020)<br>und<br>V\u00f6lkischer Beobachter, 3. M\u00e4rz 1944, Seite 7, online unter: ANNO Historische Zeitungen und Zeitschriften, <a href=\"http:\/\/anno.onb.ac.at\/cgi-content\/anno?aid=vob&amp;datum=19440303&amp;ref=anno-search&amp;seite=7\">http:\/\/anno.onb.ac.at\/cgi-content\/anno?aid=vob&amp;datum=19440303&amp;ref=anno-search&amp;seite=7<\/a> (23. Juli 2020)<\/p>\n\n\n\n<p>5 Ramon <em>Schack<\/em>, Historische Dokumente: Vorsicht, Feind h\u00f6rt mit! Miese und Liese, online unter:<br><a href=\"https:\/\/ramonschack.wordpress.com\/2008\/07\/28\/historische-dokumentevorsichtfeind-hort-mitmiese-und-liese\/\">https:\/\/ramonschack.wordpress.com\/2008\/07\/28\/historische-dokumentevorsichtfeind-hort-mitmiese-und-liese\/<\/a> (23. Juli 2020)<\/p>\n\n\n\n<p>6 Artikel \u201eSeine Ruah\u201c. In: Neues \u00d6sterreich, 30. November 1945, Seite 3, online unter: ANNO Historische Zeitungen und Zeitschriften,<br><a href=\"http:\/\/anno.onb.ac.at\/cgi-content\/anno?aid=nos&amp;datum=19451130&amp;ref=anno-search&amp;seite=3\">http:\/\/anno.onb.ac.at\/cgi-content\/anno?aid=nos&amp;datum=19451130&amp;ref=anno-search&amp;seite=3<\/a> (23. Juli 2020)<\/p>\n\n\n\n<p class=\"has-text-color has-small-font-size\" style=\"color:#18a211\"><br><strong>Interne Links:<\/strong><br><br>Mehr zum Luftschutz:<br><a href=\"https:\/\/www.worteimdunkel.at\/?p=3487\">https:\/\/www.worteimdunkel.at\/?p=3487<\/a><br><a href=\"https:\/\/www.worteimdunkel.at\/?page_id=490#luftschutz\">https:\/\/www.worteimdunkel.at\/?page_id=490#luftschutz<\/a><br><br>Mehr zu den Jahren von 1939 bis Kriegsende:<br><a href=\"https:\/\/www.worteimdunkel.at\/?page_id=1343\">https:\/\/www.worteimdunkel.at\/?page_id=1343<\/a><\/p>\n","protected":false},"excerpt":{"rendered":"<p>Dieser Artikel wurde am 23. Juli 2020 \u00fcberarbeitet. Am 25. November 2020 f\u00fcgte ich eine neu entdeckte Karikatur hinzu. Am 22. und 26. J\u00e4nner 2021 kamen ein Kurzfilm und zwei Ansichtskarten dazu. Die Erziehung der Bev\u00f6lkerung im nationalsozialistischen Sinne war eine der vordringlichen Aufgaben des Reichsministeriums f\u00fcr Propaganda und Volksaufkl\u00e4rung unter Josef Goebbels. Mit verschiedenen [&hellip;]<\/p>\n","protected":false},"author":1,"featured_media":3680,"comment_status":"open","ping_status":"open","sticky":false,"template":"","format":"video","meta":{"footnotes":""},"categories":[7,122,18,136,585,323],"tags":[798,124,461,792,794,795,609,126,125,127,797,459,128,129,793,462,796],"class_list":["post-3679","post","type-post","status-publish","format-video","has-post-thumbnail","hentry","category-1938-1945","category-aushang-plakat","category-luftschutz-zivil","category-malerei-zeichnung","category-video","category-zweiter-weltkrieg","tag-ansichtskarte","tag-gluecklich","tag-goebbels","tag-helle","tag-karikatur","tag-kurzfilm","tag-liese","tag-luftschutzkeller","tag-miese","tag-mundwerk","tag-postkarte","tag-propaganda","tag-propeller","tag-sauberkeit","tag-tran","tag-volksaufklaerung","tag-wochenschau","post_format-post-format-video"],"_links":{"self":[{"href":"https:\/\/www.worteimdunkel.at\/index.php?rest_route=\/wp\/v2\/posts\/3679","targetHints":{"allow":["GET"]}}],"collection":[{"href":"https:\/\/www.worteimdunkel.at\/index.php?rest_route=\/wp\/v2\/posts"}],"about":[{"href":"https:\/\/www.worteimdunkel.at\/index.php?rest_route=\/wp\/v2\/types\/post"}],"author":[{"embeddable":true,"href":"https:\/\/www.worteimdunkel.at\/index.php?rest_route=\/wp\/v2\/users\/1"}],"replies":[{"embeddable":true,"href":"https:\/\/www.worteimdunkel.at\/index.php?rest_route=%2Fwp%2Fv2%2Fcomments&post=3679"}],"version-history":[{"count":210,"href":"https:\/\/www.worteimdunkel.at\/index.php?rest_route=\/wp\/v2\/posts\/3679\/revisions"}],"predecessor-version":[{"id":14886,"href":"https:\/\/www.worteimdunkel.at\/index.php?rest_route=\/wp\/v2\/posts\/3679\/revisions\/14886"}],"wp:featuredmedia":[{"embeddable":true,"href":"https:\/\/www.worteimdunkel.at\/index.php?rest_route=\/wp\/v2\/media\/3680"}],"wp:attachment":[{"href":"https:\/\/www.worteimdunkel.at\/index.php?rest_route=%2Fwp%2Fv2%2Fmedia&parent=3679"}],"wp:term":[{"taxonomy":"category","embeddable":true,"href":"https:\/\/www.worteimdunkel.at\/index.php?rest_route=%2Fwp%2Fv2%2Fcategories&post=3679"},{"taxonomy":"post_tag","embeddable":true,"href":"https:\/\/www.worteimdunkel.at\/index.php?rest_route=%2Fwp%2Fv2%2Ftags&post=3679"}],"curies":[{"name":"wp","href":"https:\/\/api.w.org\/{rel}","templated":true}]}}