{"id":14357,"date":"2021-04-26T18:30:00","date_gmt":"2021-04-26T16:30:00","guid":{"rendered":"https:\/\/www.worteimdunkel.at\/?p=14357"},"modified":"2022-07-23T16:38:13","modified_gmt":"2022-07-23T14:38:13","slug":"1943-bis-1945-das-leitsystem-im-flakturm","status":"publish","type":"post","link":"https:\/\/www.worteimdunkel.at\/?p=14357","title":{"rendered":"1943 bis 1945 \u2013 Das Leitsystem im Flakturm"},"content":{"rendered":"\n<p class=\"has-drop-cap\">In den n\u00e4chsten Wochen beziehungsweise Monaten werde ich einige k\u00fcrzere Beitr\u00e4ge ver\u00f6ffentlichen oder solche, die nur Bilder zum Inhalt haben. Heute zeige ich anhand der erhaltenen Beschriftungen im Flakleitturm Arenbergpark, welchen Weg die Zivilbev\u00f6lkerung im Turm nehmen musste, um zu den Schutzr\u00e4umen zu gelangen. Diese Fotos entstanden, als sich mir vor einigen Jahren die Gelegenheit bot, den Arch\u00e4ologen und Historiker Marcello La Speranza bei einer Grabung im Turm unterst\u00fctzen zu d\u00fcrfen.<\/p>\n\n\n\n<h3 class=\"wp-block-heading\"><br>Der Weg zu den Schutzr\u00e4umen<\/h3>\n\n\n\n<p><br><strong>Bild 1:<\/strong> Betraten die Menschen durch den Haupteingang, der f\u00fcr die Zivilbev\u00f6lkerung vorgesehen war, den Turm, so bot sich ihnen als erstes diese Wahlm\u00f6glichkeit. F\u00fcr M\u00fctter mit Kindern waren eigene R\u00e4ume vorgesehen.<\/p>\n\n\n\n<figure class=\"wp-block-image size-large\"><img loading=\"lazy\" decoding=\"async\" width=\"1200\" height=\"797\" src=\"https:\/\/www.worteimdunkel.at\/wp-content\/uploads\/2021\/04\/69_Flakturm_1.jpg\" alt=\"Im Eingangsbereich des Turms\" class=\"wp-image-14358\" srcset=\"https:\/\/www.worteimdunkel.at\/wp-content\/uploads\/2021\/04\/69_Flakturm_1.jpg 1200w, https:\/\/www.worteimdunkel.at\/wp-content\/uploads\/2021\/04\/69_Flakturm_1-300x199.jpg 300w, https:\/\/www.worteimdunkel.at\/wp-content\/uploads\/2021\/04\/69_Flakturm_1-768x510.jpg 768w\" sizes=\"auto, (max-width: 1200px) 100vw, 1200px\" \/><\/figure>\n\n\n\n<p><strong>Bild 2:<\/strong> Die zivilen Luftschutzr\u00e4ume waren zwischen zweitem und sechstem Stockwerk eingerichtet worden \u2013 mit Ausnahme des dritten Stocks, wo sich die Technikr\u00e4ume befanden. Auch in der Produktionshalle der Seitz-Werke, eines aus Deutschland verlagerten R\u00fcstungsbetriebs, konnten der Bev\u00f6lkerung keine Schutzr\u00e4ume zur Verf\u00fcgung gestellt werden. Die oberen beiden Gescho\u00dfe waren f\u00fcr die milit\u00e4rische Nutzung konzipiert worden. Um zu vermeiden, dass Soldaten und Zivilisten durcheinander laufen und die Bev\u00f6lkerung in Kontakt mit milit\u00e4rischen Informationen kommt, war es den Luftschutzsuchenden ausnahmslos verboten, sich in der Vorhalle im Erdgescho\u00df aufzuhalten. Soldaten, die den Turm durch einen eigenen Eingang betraten, mussten hier zwangsl\u00e4ufig durchgehen.<\/p>\n\n\n\n<figure class=\"wp-block-image size-large\"><img loading=\"lazy\" decoding=\"async\" width=\"1200\" height=\"797\" src=\"https:\/\/www.worteimdunkel.at\/wp-content\/uploads\/2021\/04\/69_Flakturm_9.jpg\" alt=\"Hinweis in der Vorhalle im Erdgescho\u00df \u2013 der Aufenthalt war hier f\u00fcr Luftschutzsuchende ausnahmslos verboten.\" class=\"wp-image-14366\" srcset=\"https:\/\/www.worteimdunkel.at\/wp-content\/uploads\/2021\/04\/69_Flakturm_9.jpg 1200w, https:\/\/www.worteimdunkel.at\/wp-content\/uploads\/2021\/04\/69_Flakturm_9-300x199.jpg 300w, https:\/\/www.worteimdunkel.at\/wp-content\/uploads\/2021\/04\/69_Flakturm_9-768x510.jpg 768w\" sizes=\"auto, (max-width: 1200px) 100vw, 1200px\" \/><\/figure>\n\n\n\n<p><strong>Bild 3:<\/strong> M\u00fctter mit Kindern folgten dem eigens markierten Weg zu ihren Schutzr\u00e4umen.<\/p>\n\n\n\n<figure class=\"wp-block-image size-large\"><img loading=\"lazy\" decoding=\"async\" width=\"1200\" height=\"797\" src=\"https:\/\/www.worteimdunkel.at\/wp-content\/uploads\/2021\/04\/69_Flakturm_10.jpg\" alt=\"Wegweiser im Stiegenhaus zu den Mutter-und-Kind-Bereichen\" class=\"wp-image-14367\" srcset=\"https:\/\/www.worteimdunkel.at\/wp-content\/uploads\/2021\/04\/69_Flakturm_10.jpg 1200w, https:\/\/www.worteimdunkel.at\/wp-content\/uploads\/2021\/04\/69_Flakturm_10-300x199.jpg 300w, https:\/\/www.worteimdunkel.at\/wp-content\/uploads\/2021\/04\/69_Flakturm_10-768x510.jpg 768w\" sizes=\"auto, (max-width: 1200px) 100vw, 1200px\" \/><\/figure>\n\n\n\n<figure class=\"wp-block-image size-large\"><img loading=\"lazy\" decoding=\"async\" width=\"1200\" height=\"797\" src=\"https:\/\/www.worteimdunkel.at\/wp-content\/uploads\/2021\/04\/69_Flakturm_11.jpg\" alt=\"Wegweiser im Stiegenhaus zu den Mutter-und-Kind-Bereichen\" class=\"wp-image-14368\" srcset=\"https:\/\/www.worteimdunkel.at\/wp-content\/uploads\/2021\/04\/69_Flakturm_11.jpg 1200w, https:\/\/www.worteimdunkel.at\/wp-content\/uploads\/2021\/04\/69_Flakturm_11-300x199.jpg 300w, https:\/\/www.worteimdunkel.at\/wp-content\/uploads\/2021\/04\/69_Flakturm_11-768x510.jpg 768w\" sizes=\"auto, (max-width: 1200px) 100vw, 1200px\" \/><\/figure>\n\n\n\n<p><strong>Bild 5:<\/strong> Es gab mehrere Stiegenaufg\u00e4nge und in der Mitte einen Aufzug der Firma Sowitsch. Die Rettungsstelle, die der Verarztung kleinerer Blessuren oder der Behandlung von akuten Erkrankungen oder Kreislaufzusammenbr\u00fcchen diente, befand sich bei der zweiten Stiege.<\/p>\n\n\n\n<figure class=\"wp-block-image size-large\"><img loading=\"lazy\" decoding=\"async\" width=\"797\" height=\"1200\" src=\"https:\/\/www.worteimdunkel.at\/wp-content\/uploads\/2021\/04\/69_Flakturm_6.jpg\" alt=\"F\u00fcr medizinische Notf\u00e4lle oder kleinere Verarztungen gab es eine Rettungsstelle.\" class=\"wp-image-14363\" srcset=\"https:\/\/www.worteimdunkel.at\/wp-content\/uploads\/2021\/04\/69_Flakturm_6.jpg 797w, https:\/\/www.worteimdunkel.at\/wp-content\/uploads\/2021\/04\/69_Flakturm_6-199x300.jpg 199w, https:\/\/www.worteimdunkel.at\/wp-content\/uploads\/2021\/04\/69_Flakturm_6-768x1156.jpg 768w\" sizes=\"auto, (max-width: 797px) 100vw, 797px\" \/><\/figure>\n\n\n\n<p><strong>Bild 6:<\/strong> Die Schutzsuchenden folgten den Wegweisern \u00fcber die Stiege. Im zweiten Stock bot sich ihnen dieses Bild.<\/p>\n\n\n\n<figure class=\"wp-block-image size-large\"><img loading=\"lazy\" decoding=\"async\" width=\"797\" height=\"1200\" src=\"https:\/\/www.worteimdunkel.at\/wp-content\/uploads\/2021\/04\/69_Flakturm_7.jpg\" alt=\"Hinweis im Stiegenhaus \u2013 milit\u00e4rische oder von der Industrie verwendete Bereiche durften von der Zivilbev\u00f6lkerung nicht betreten werden.\" class=\"wp-image-14364\" srcset=\"https:\/\/www.worteimdunkel.at\/wp-content\/uploads\/2021\/04\/69_Flakturm_7.jpg 797w, https:\/\/www.worteimdunkel.at\/wp-content\/uploads\/2021\/04\/69_Flakturm_7-199x300.jpg 199w, https:\/\/www.worteimdunkel.at\/wp-content\/uploads\/2021\/04\/69_Flakturm_7-768x1156.jpg 768w\" sizes=\"auto, (max-width: 797px) 100vw, 797px\" \/><\/figure>\n\n\n\n<figure class=\"wp-block-image size-large\"><img loading=\"lazy\" decoding=\"async\" width=\"797\" height=\"1200\" src=\"https:\/\/www.worteimdunkel.at\/wp-content\/uploads\/2021\/04\/69_Flakturm_2.jpg\" alt=\"Diese T\u00fcre durfte nur von Hausangeh\u00f6rigen durchschritten werden.\" class=\"wp-image-14359\" srcset=\"https:\/\/www.worteimdunkel.at\/wp-content\/uploads\/2021\/04\/69_Flakturm_2.jpg 797w, https:\/\/www.worteimdunkel.at\/wp-content\/uploads\/2021\/04\/69_Flakturm_2-199x300.jpg 199w, https:\/\/www.worteimdunkel.at\/wp-content\/uploads\/2021\/04\/69_Flakturm_2-768x1156.jpg 768w\" sizes=\"auto, (max-width: 797px) 100vw, 797px\" \/><\/figure>\n\n\n\n<p><strong>Bild 8:<\/strong> Im dritten Stock befand sich der L\u00fcftungsraum, der nur von Hausangeh\u00f6rigen betreten werden durfte. Aufgrund der enormen Massen \u2013 hunderte Menschen dr\u00e4ngten sich hier \u2013 mussten sie m\u00f6glichst z\u00fcgig den Weg im Turm bew\u00e4ltigen. Die Hinweise &#8222;Nicht stehen bleiben&#8220; und &#8222;Rasch gehen&#8220; zeugen noch von den Bem\u00fchungen, Staus in der Menschenschlange zu vermeiden.<\/p>\n\n\n\n<figure class=\"wp-block-image size-large\"><img loading=\"lazy\" decoding=\"async\" width=\"1200\" height=\"797\" src=\"https:\/\/www.worteimdunkel.at\/wp-content\/uploads\/2021\/04\/69_Flakturm_3.jpg\" alt=\"Leitsystem und Verhaltensanweisungen f\u00fcr die Zivilbev\u00f6lkerung im dritten Stock\" class=\"wp-image-14360\" srcset=\"https:\/\/www.worteimdunkel.at\/wp-content\/uploads\/2021\/04\/69_Flakturm_3.jpg 1200w, https:\/\/www.worteimdunkel.at\/wp-content\/uploads\/2021\/04\/69_Flakturm_3-300x199.jpg 300w, https:\/\/www.worteimdunkel.at\/wp-content\/uploads\/2021\/04\/69_Flakturm_3-768x510.jpg 768w\" sizes=\"auto, (max-width: 1200px) 100vw, 1200px\" \/><\/figure>\n\n\n\n<figure class=\"wp-block-image size-large\"><img loading=\"lazy\" decoding=\"async\" width=\"1200\" height=\"797\" src=\"https:\/\/www.worteimdunkel.at\/wp-content\/uploads\/2021\/04\/69_Flakturm_4.jpg\" alt=\"Leitsystem und Verhaltensanweisungen f\u00fcr die Zivilbev\u00f6lkerung im dritten Stock\" class=\"wp-image-14361\" srcset=\"https:\/\/www.worteimdunkel.at\/wp-content\/uploads\/2021\/04\/69_Flakturm_4.jpg 1200w, https:\/\/www.worteimdunkel.at\/wp-content\/uploads\/2021\/04\/69_Flakturm_4-300x199.jpg 300w, https:\/\/www.worteimdunkel.at\/wp-content\/uploads\/2021\/04\/69_Flakturm_4-768x510.jpg 768w\" sizes=\"auto, (max-width: 1200px) 100vw, 1200px\" \/><\/figure>\n\n\n\n<p><strong>Bild 10:<\/strong> Die Schutzr\u00e4ume im vierten Stock dienten zwar grunds\u00e4tzlich der Aufnahme ziviler Schutzsuchender, allerdings waren hier auch f\u00fcr die Gestapo und die NSDAP reservierte R\u00e4ume. In diesen Bereichen mussten die Menschen am Gang sitzen.<\/p>\n\n\n\n<figure class=\"wp-block-image size-large\"><img loading=\"lazy\" decoding=\"async\" width=\"1200\" height=\"797\" src=\"https:\/\/www.worteimdunkel.at\/wp-content\/uploads\/2021\/04\/69_Flakturm_8.jpg\" alt=\"Kennzeichnung der Schutzr\u00e4ume im vierten Stock\" class=\"wp-image-14365\" srcset=\"https:\/\/www.worteimdunkel.at\/wp-content\/uploads\/2021\/04\/69_Flakturm_8.jpg 1200w, https:\/\/www.worteimdunkel.at\/wp-content\/uploads\/2021\/04\/69_Flakturm_8-300x199.jpg 300w, https:\/\/www.worteimdunkel.at\/wp-content\/uploads\/2021\/04\/69_Flakturm_8-768x510.jpg 768w\" sizes=\"auto, (max-width: 1200px) 100vw, 1200px\" \/><\/figure>\n\n\n\n<p><strong>Bild 11:<\/strong> Die L\u00fcftungsanlage war voll damit ausgelastet, frische Atemluft f\u00fcr tausende Schutzsuchende zu liefern. Rauchen war deshalb im gesamten Turm verboten.<\/p>\n\n\n\n<figure class=\"wp-block-image size-large\"><img loading=\"lazy\" decoding=\"async\" width=\"797\" height=\"1200\" src=\"https:\/\/www.worteimdunkel.at\/wp-content\/uploads\/2021\/04\/69_Flakturm_5.jpg\" alt=\"In den Schutzr\u00e4umen war das Rauchen verboten.\" class=\"wp-image-14362\" srcset=\"https:\/\/www.worteimdunkel.at\/wp-content\/uploads\/2021\/04\/69_Flakturm_5.jpg 797w, https:\/\/www.worteimdunkel.at\/wp-content\/uploads\/2021\/04\/69_Flakturm_5-199x300.jpg 199w, https:\/\/www.worteimdunkel.at\/wp-content\/uploads\/2021\/04\/69_Flakturm_5-768x1156.jpg 768w\" sizes=\"auto, (max-width: 797px) 100vw, 797px\" \/><\/figure>\n\n\n\n<p>In den Schutzr\u00e4umen angekommen harrten die Menschen nun, nachdem sie einen Platz gefunden hatten, meist mehrere Stunden aus, bis die Alarmierung aufgehoben wurde. Konnte jemand nicht mehr im Turm aufgenommen werden, so musste er in den umliegenden Luftschutzkellern um Einlass bitten.<\/p>\n\n\n\n<p class=\"has-text-align-center has-white-background-color has-background\"><mark style=\"background-color:rgba(0, 0, 0, 0)\" class=\"has-inline-color has-black-color\">M\u00f6chtest Du Dich erkenntlich zeigen?<\/mark> <a href=\"https:\/\/www.worteimdunkel.at\/?page_id=6688\" data-type=\"page\" data-id=\"6688\">Hier hast Du die M\u00f6glichkeit dazu<\/a>.<\/p>\n\n\n\n<p><br><strong>Links und Literatur:<\/strong><\/p>\n\n\n\n<p><br>VHS Landstra\u00dfe, Landstra\u00dfer Protokolle, Vortrag von Mag. Thomas Pototschnig: 14\/III 1945 \u2013 Spuren der Zwangsarbeit, online unter:<br><a href=\"https:\/\/www.vhs.at\/files\/downloads\/TqLOte9rzy6CvfPEbr5Z9ujj4MPIxpnlai621Mf8.pdf\">https:\/\/www.vhs.at\/files\/downloads\/TqLOte9rzy6CvfPEbr5Z9ujj4MPIxpnlai621Mf8.pdf<\/a> (25. April 2021)<\/p>\n\n\n\n<p>Marcello <em>La Speranza<\/em>, Flakturm-Arch\u00e4ologie. Ein Fundbuch zu den Wiener Festungsbauwerken (Berlin 2012)<\/p>\n\n\n\n<p class=\"has-text-color has-small-font-size\" style=\"color:#18a211\"><br><strong>Interne Links:<\/strong><br><br>Mehr zu den Jahren von 1939 bis Kriegsende:<br><a href=\"https:\/\/www.worteimdunkel.at\/?page_id=1343\" data-type=\"page\" data-id=\"1343\">1939 bis Kriegsende<\/a><br><br>Mehr Beitr\u00e4ge zu den Flakt\u00fcrmen:<br><br><a href=\"https:\/\/www.worteimdunkel.at\/?p=1646\" data-type=\"URL\" data-id=\"https:\/\/www.worteimdunkel.at\/?p=1646\">1945 \u2013 Sisto Merisi<\/a><br><a href=\"https:\/\/www.worteimdunkel.at\/?p=2779\">1943 bis 1945 \u2013 Mutter und Kind<\/a><\/p>\n","protected":false},"excerpt":{"rendered":"<p>In den n\u00e4chsten Wochen beziehungsweise Monaten werde ich einige k\u00fcrzere Beitr\u00e4ge ver\u00f6ffentlichen oder solche, die nur Bilder zum Inhalt haben. Heute zeige ich anhand der erhaltenen Beschriftungen im Flakleitturm Arenbergpark, welchen Weg die Zivilbev\u00f6lkerung im Turm nehmen musste, um zu den Schutzr\u00e4umen zu gelangen. Diese Fotos entstanden, als sich mir vor einigen Jahren die Gelegenheit [&hellip;]<\/p>\n","protected":false},"author":1,"featured_media":14361,"comment_status":"open","ping_status":"open","sticky":false,"template":"","format":"image","meta":{"footnotes":""},"categories":[7,839,291,880,18,60,323],"tags":[870,26,58,865,869,873,57,872,874,871,868,867,333,866],"class_list":["post-14357","post","type-post","status-publish","format-image","has-post-thumbnail","hentry","category-1938-1945","category-bildbeitrag","category-bunker","category-kurzbeitrag","category-luftschutz-zivil","category-wegweiser","category-zweiter-weltkrieg","tag-flakleitturm","tag-flakturm","tag-kind","tag-leitsystem","tag-leitturm","tag-luftschutzsuchende","tag-mutter","tag-rauchen","tag-rettungsstelle","tag-schutsuchende","tag-schutzraum","tag-schutzraeume","tag-verboten","tag-wegweiser","post_format-post-format-image"],"_links":{"self":[{"href":"https:\/\/www.worteimdunkel.at\/index.php?rest_route=\/wp\/v2\/posts\/14357","targetHints":{"allow":["GET"]}}],"collection":[{"href":"https:\/\/www.worteimdunkel.at\/index.php?rest_route=\/wp\/v2\/posts"}],"about":[{"href":"https:\/\/www.worteimdunkel.at\/index.php?rest_route=\/wp\/v2\/types\/post"}],"author":[{"embeddable":true,"href":"https:\/\/www.worteimdunkel.at\/index.php?rest_route=\/wp\/v2\/users\/1"}],"replies":[{"embeddable":true,"href":"https:\/\/www.worteimdunkel.at\/index.php?rest_route=%2Fwp%2Fv2%2Fcomments&post=14357"}],"version-history":[{"count":40,"href":"https:\/\/www.worteimdunkel.at\/index.php?rest_route=\/wp\/v2\/posts\/14357\/revisions"}],"predecessor-version":[{"id":14875,"href":"https:\/\/www.worteimdunkel.at\/index.php?rest_route=\/wp\/v2\/posts\/14357\/revisions\/14875"}],"wp:featuredmedia":[{"embeddable":true,"href":"https:\/\/www.worteimdunkel.at\/index.php?rest_route=\/wp\/v2\/media\/14361"}],"wp:attachment":[{"href":"https:\/\/www.worteimdunkel.at\/index.php?rest_route=%2Fwp%2Fv2%2Fmedia&parent=14357"}],"wp:term":[{"taxonomy":"category","embeddable":true,"href":"https:\/\/www.worteimdunkel.at\/index.php?rest_route=%2Fwp%2Fv2%2Fcategories&post=14357"},{"taxonomy":"post_tag","embeddable":true,"href":"https:\/\/www.worteimdunkel.at\/index.php?rest_route=%2Fwp%2Fv2%2Ftags&post=14357"}],"curies":[{"name":"wp","href":"https:\/\/api.w.org\/{rel}","templated":true}]}}