{"id":13961,"date":"2021-03-15T19:35:12","date_gmt":"2021-03-15T18:35:12","guid":{"rendered":"https:\/\/www.worteimdunkel.at\/?p=13961"},"modified":"2021-03-17T12:30:41","modified_gmt":"2021-03-17T11:30:41","slug":"bildbeitrag-umgebungen-ii","status":"publish","type":"post","link":"https:\/\/www.worteimdunkel.at\/?p=13961","title":{"rendered":"Bildbeitrag \u2013 Umgebungen II"},"content":{"rendered":"\n<p class=\"has-drop-cap\">Heute gibt es \u201enur\u201c Bilder zu sehen ohne viel Text. In den gezeigten Umgebungen lassen sich oft faszinierende Beschriftungen entdecken, aber auch die Tunnel, Gew\u00f6lbe, Stollen, Keller oder G\u00e4nge selbst sind ein lohnendes Motiv. Teilweise verschwimmt dabei der blo\u00dfe Wille, den Ort zu dokumentieren mit dem Versuch, die Atmosph\u00e4re festzuhalten \u2013 das erste Foto z\u00e4hlt da etwa dazu.<\/p>\n\n\n\n<p><br>Der Schwerpunkt, der die Fotos verbindet, liegt im Thema R\u00fcstungsindustrie. Alle diese unterirdischen Gefilde entstanden entweder als Luftschutzkeller f\u00fcr Menschen, die im Zweiten Weltkrieg in der Produktion von R\u00fcstungsg\u00fctern t\u00e4tig waren oder um die R\u00fcstungsbetriebe selbst aufzunehmen. Im letzteren Fall nennt man sie Untertageverlagerungen der deutschen R\u00fcstungsindustrie, kurz U-Verlagerungen. Diese wurden vor allem zwischen 1943, als die deutsche Luftabwehr den einfliegenden alliierten Bombern und J\u00e4gern immer weniger entgegensetzen konnte, und Kriegsende quer \u00fcber das Gebiet des Deutschen Reichs eingerichtet. Die in den Bildern gezeigten Anlagen liegen in \u00d6sterreich, wobei die ersten beiden Luftschutzkeller waren und alle anderen U-Verlagerungen.<\/p>\n\n\n\n<figure class=\"wp-block-image size-large\"><img loading=\"lazy\" decoding=\"async\" width=\"1200\" height=\"797\" src=\"https:\/\/www.worteimdunkel.at\/wp-content\/uploads\/2021\/03\/66_1.jpg\" alt=\"Luftschutzkeller an einem Industriestandort\" class=\"wp-image-13963\" srcset=\"https:\/\/www.worteimdunkel.at\/wp-content\/uploads\/2021\/03\/66_1.jpg 1200w, https:\/\/www.worteimdunkel.at\/wp-content\/uploads\/2021\/03\/66_1-300x199.jpg 300w, https:\/\/www.worteimdunkel.at\/wp-content\/uploads\/2021\/03\/66_1-768x510.jpg 768w\" sizes=\"auto, (max-width: 1200px) 100vw, 1200px\" \/><figcaption>Luftschutzkeller an einem Standort der metallverarbeitenden Industrie<\/figcaption><\/figure>\n\n\n\n<figure class=\"wp-block-image size-large\"><img loading=\"lazy\" decoding=\"async\" width=\"1200\" height=\"797\" src=\"https:\/\/www.worteimdunkel.at\/wp-content\/uploads\/2021\/03\/66_2.jpg\" alt=\"Luftschutzkeller an einem Industriestandort\" class=\"wp-image-13964\" srcset=\"https:\/\/www.worteimdunkel.at\/wp-content\/uploads\/2021\/03\/66_2.jpg 1200w, https:\/\/www.worteimdunkel.at\/wp-content\/uploads\/2021\/03\/66_2-300x199.jpg 300w, https:\/\/www.worteimdunkel.at\/wp-content\/uploads\/2021\/03\/66_2-768x510.jpg 768w\" sizes=\"auto, (max-width: 1200px) 100vw, 1200px\" \/><figcaption>Luftschutzkeller an einem Industriestandort<\/figcaption><\/figure>\n\n\n\n<figure class=\"wp-block-image size-large\"><img loading=\"lazy\" decoding=\"async\" width=\"1200\" height=\"797\" src=\"https:\/\/www.worteimdunkel.at\/wp-content\/uploads\/2021\/03\/66_3.jpg\" alt=\"Brauereikeller, in dem die R\u00fcstungsindustrie kriegswichtige G\u00fcter produzierte\" class=\"wp-image-13965\" srcset=\"https:\/\/www.worteimdunkel.at\/wp-content\/uploads\/2021\/03\/66_3.jpg 1200w, https:\/\/www.worteimdunkel.at\/wp-content\/uploads\/2021\/03\/66_3-300x199.jpg 300w, https:\/\/www.worteimdunkel.at\/wp-content\/uploads\/2021\/03\/66_3-768x510.jpg 768w\" sizes=\"auto, (max-width: 1200px) 100vw, 1200px\" \/><figcaption>Brauereikeller, in dem die R\u00fcstungsindustrie Flugmotoren und Flugzeugteile produzierte.<\/figcaption><\/figure>\n\n\n\n<figure class=\"wp-block-image size-large\"><img loading=\"lazy\" decoding=\"async\" width=\"1200\" height=\"797\" src=\"https:\/\/www.worteimdunkel.at\/wp-content\/uploads\/2021\/03\/66_4.jpg\" alt=\"Manchmal sind die Dimensionen so riesig, dass selbst das Weitwinkelobjektiv nicht ausreicht\" class=\"wp-image-13966\" srcset=\"https:\/\/www.worteimdunkel.at\/wp-content\/uploads\/2021\/03\/66_4.jpg 1200w, https:\/\/www.worteimdunkel.at\/wp-content\/uploads\/2021\/03\/66_4-300x199.jpg 300w, https:\/\/www.worteimdunkel.at\/wp-content\/uploads\/2021\/03\/66_4-768x510.jpg 768w\" sizes=\"auto, (max-width: 1200px) 100vw, 1200px\" \/><figcaption>Manchmal sind die Dimensionen so riesig, dass selbst das Weitwinkelobjektiv nicht ausreicht. In diesem ehemaligen Brauereikeller wurden Flugmotoren und Flugzeugteile gefertigt.<\/figcaption><\/figure>\n\n\n\n<figure class=\"wp-block-image size-large\"><img loading=\"lazy\" decoding=\"async\" width=\"1200\" height=\"797\" src=\"https:\/\/www.worteimdunkel.at\/wp-content\/uploads\/2021\/03\/66_5.jpg\" alt=\"Stollenanlage der R\u00fcstungsindustrie\" class=\"wp-image-13967\" srcset=\"https:\/\/www.worteimdunkel.at\/wp-content\/uploads\/2021\/03\/66_5.jpg 1200w, https:\/\/www.worteimdunkel.at\/wp-content\/uploads\/2021\/03\/66_5-300x199.jpg 300w, https:\/\/www.worteimdunkel.at\/wp-content\/uploads\/2021\/03\/66_5-768x510.jpg 768w\" sizes=\"auto, (max-width: 1200px) 100vw, 1200px\" \/><figcaption>Stollenanlage der R\u00fcstungsindustrie, verlagert wurde ein Betrieb zur Herstellung von Flugmotoren.<\/figcaption><\/figure>\n\n\n\n<figure class=\"wp-block-image size-large\"><img loading=\"lazy\" decoding=\"async\" width=\"1200\" height=\"797\" src=\"https:\/\/www.worteimdunkel.at\/wp-content\/uploads\/2021\/03\/66_6.jpg\" alt=\"Stollenanlage der R\u00fcstungsindustrie\" class=\"wp-image-13968\" srcset=\"https:\/\/www.worteimdunkel.at\/wp-content\/uploads\/2021\/03\/66_6.jpg 1200w, https:\/\/www.worteimdunkel.at\/wp-content\/uploads\/2021\/03\/66_6-300x199.jpg 300w, https:\/\/www.worteimdunkel.at\/wp-content\/uploads\/2021\/03\/66_6-768x510.jpg 768w\" sizes=\"auto, (max-width: 1200px) 100vw, 1200px\" \/><figcaption>Stollenanlage der R\u00fcstungsindustrie, verlagert wurde ein Betrieb zur Herstellung von Flugmotoren.<\/figcaption><\/figure>\n\n\n\n<figure class=\"wp-block-image size-large\"><img loading=\"lazy\" decoding=\"async\" width=\"1200\" height=\"797\" src=\"https:\/\/www.worteimdunkel.at\/wp-content\/uploads\/2021\/03\/66_7.jpg\" alt=\"Stollenanlage der R\u00fcstungsindustrie\" class=\"wp-image-13969\" srcset=\"https:\/\/www.worteimdunkel.at\/wp-content\/uploads\/2021\/03\/66_7.jpg 1200w, https:\/\/www.worteimdunkel.at\/wp-content\/uploads\/2021\/03\/66_7-300x199.jpg 300w, https:\/\/www.worteimdunkel.at\/wp-content\/uploads\/2021\/03\/66_7-768x510.jpg 768w\" sizes=\"auto, (max-width: 1200px) 100vw, 1200px\" \/><figcaption>Stollenanlage der R\u00fcstungsindustrie, auch hier sind die Dimensionen beeindruckend, was aber nicht weiter verwunderlich ist. Die U-Verlagerungen waren daf\u00fcr gedacht, hunderte Maschinen aufzunehmen, um kriegswichtige G\u00fcter zu produzieren. Nicht nur die oft t\u00f6dlichen Arbeiten bei der Auffahrung der Stollen wurden zum allergr\u00f6\u00dften Teil von Zwangsarbeitern verrichtet, viele von ihnen waren auch f\u00fcr die Arbeit nach Fertigstellung der Anlage an den Maschinen vorgesehen.<\/figcaption><\/figure>\n\n\n\n<figure class=\"wp-block-image size-large\"><img loading=\"lazy\" decoding=\"async\" width=\"1200\" height=\"797\" src=\"https:\/\/www.worteimdunkel.at\/wp-content\/uploads\/2021\/03\/66_8.jpg\" alt=\"Stollenanlage der R\u00fcstungsindustrie\" class=\"wp-image-13970\" srcset=\"https:\/\/www.worteimdunkel.at\/wp-content\/uploads\/2021\/03\/66_8.jpg 1200w, https:\/\/www.worteimdunkel.at\/wp-content\/uploads\/2021\/03\/66_8-300x199.jpg 300w, https:\/\/www.worteimdunkel.at\/wp-content\/uploads\/2021\/03\/66_8-768x510.jpg 768w\" sizes=\"auto, (max-width: 1200px) 100vw, 1200px\" \/><figcaption>Stollenanlage der R\u00fcstungsindustrie, verlagert wurde ein Betrieb zur Herstellung von Flugmotoren. Kaum eine dieser Anlagen wurde bis ins letzte Detail fertiggestellt. Trotz der noch laufenden Auffahrungs- oder Einrichtungst\u00e4tigkeiten in einigen der meist parallel angelegten Stollen, wurde in den bereits fertiggestellten Bereichen schon gearbeitet. Dennoch erf\u00fcllte kaum eine dieser eigens f\u00fcr die R\u00fcstungsindustrie erbauten Anlagen in gro\u00dfem Umfang ihren Zweck.<\/figcaption><\/figure>\n\n\n\n<figure class=\"wp-block-image size-large\"><img loading=\"lazy\" decoding=\"async\" width=\"1200\" height=\"797\" src=\"https:\/\/www.worteimdunkel.at\/wp-content\/uploads\/2021\/03\/66_9.jpg\" alt=\"Stollenanlage der R\u00fcstungsindustrie\" class=\"wp-image-13971\" srcset=\"https:\/\/www.worteimdunkel.at\/wp-content\/uploads\/2021\/03\/66_9.jpg 1200w, https:\/\/www.worteimdunkel.at\/wp-content\/uploads\/2021\/03\/66_9-300x199.jpg 300w, https:\/\/www.worteimdunkel.at\/wp-content\/uploads\/2021\/03\/66_9-768x510.jpg 768w\" sizes=\"auto, (max-width: 1200px) 100vw, 1200px\" \/><figcaption>Stollenanlage der R\u00fcstungsindustrie. An den W\u00e4nden sind die Bearbeitungsspuren der Zwangsarbeiter deutlich zu erkennen.<\/figcaption><\/figure>\n\n\n\n<figure class=\"wp-block-image size-large\"><img loading=\"lazy\" decoding=\"async\" width=\"797\" height=\"1200\" src=\"https:\/\/www.worteimdunkel.at\/wp-content\/uploads\/2021\/03\/66_10.jpg\" alt=\"Stollenanlage der R\u00fcstungsindustrie\" class=\"wp-image-13972\" srcset=\"https:\/\/www.worteimdunkel.at\/wp-content\/uploads\/2021\/03\/66_10.jpg 797w, https:\/\/www.worteimdunkel.at\/wp-content\/uploads\/2021\/03\/66_10-199x300.jpg 199w, https:\/\/www.worteimdunkel.at\/wp-content\/uploads\/2021\/03\/66_10-768x1156.jpg 768w\" sizes=\"auto, (max-width: 797px) 100vw, 797px\" \/><figcaption>Stollenanlage der R\u00fcstungsindustrie \u2013 hier wurden Kugellager hergestellt.<\/figcaption><\/figure>\n\n\n\n<figure class=\"wp-block-image size-large\"><img loading=\"lazy\" decoding=\"async\" width=\"1200\" height=\"797\" src=\"https:\/\/www.worteimdunkel.at\/wp-content\/uploads\/2021\/03\/66_11.jpg\" alt=\"Stollenanlage der Gauleitung\" class=\"wp-image-13973\" srcset=\"https:\/\/www.worteimdunkel.at\/wp-content\/uploads\/2021\/03\/66_11.jpg 1200w, https:\/\/www.worteimdunkel.at\/wp-content\/uploads\/2021\/03\/66_11-300x199.jpg 300w, https:\/\/www.worteimdunkel.at\/wp-content\/uploads\/2021\/03\/66_11-768x510.jpg 768w\" sizes=\"auto, (max-width: 1200px) 100vw, 1200px\" \/><figcaption>Stollenanlage im Westen \u00d6sterreichs<\/figcaption><\/figure>\n\n\n\n<figure class=\"wp-block-image size-large\"><img loading=\"lazy\" decoding=\"async\" width=\"1200\" height=\"797\" src=\"https:\/\/www.worteimdunkel.at\/wp-content\/uploads\/2021\/03\/66_12.jpg\" alt=\"Alter Eisenbahntunnel, der f\u00fcr eine R\u00fcstungsverlagerung verwendet wurde\" class=\"wp-image-13974\" srcset=\"https:\/\/www.worteimdunkel.at\/wp-content\/uploads\/2021\/03\/66_12.jpg 1200w, https:\/\/www.worteimdunkel.at\/wp-content\/uploads\/2021\/03\/66_12-300x199.jpg 300w, https:\/\/www.worteimdunkel.at\/wp-content\/uploads\/2021\/03\/66_12-768x510.jpg 768w\" sizes=\"auto, (max-width: 1200px) 100vw, 1200px\" \/><figcaption>Alter Eisenbahntunnel, der f\u00fcr eine R\u00fcstungsverlagerung verwendet wurde, in diesem Fall handelte es sich um eine Patronenfertigung.<\/figcaption><\/figure>\n\n\n\n<figure class=\"wp-block-image size-large\"><img loading=\"lazy\" decoding=\"async\" width=\"1200\" height=\"797\" src=\"https:\/\/www.worteimdunkel.at\/wp-content\/uploads\/2021\/03\/66_13.jpg\" alt=\"Alter Eisenbahntunnel, der f\u00fcr eine R\u00fcstungsverlagerung verwendet wurde\" class=\"wp-image-13975\" srcset=\"https:\/\/www.worteimdunkel.at\/wp-content\/uploads\/2021\/03\/66_13.jpg 1200w, https:\/\/www.worteimdunkel.at\/wp-content\/uploads\/2021\/03\/66_13-300x199.jpg 300w, https:\/\/www.worteimdunkel.at\/wp-content\/uploads\/2021\/03\/66_13-768x510.jpg 768w\" sizes=\"auto, (max-width: 1200px) 100vw, 1200px\" \/><figcaption>Alter Eisenbahntunnel, der f\u00fcr eine R\u00fcstungsverlagerung verwendet wurde. Die Schienen stammen allerdings von kleineren Bahnen, mit deren Hilfe das abgebrochene Gestein aus dem Tunnel bef\u00f6rdert wurde.<\/figcaption><\/figure>\n\n\n\n<figure class=\"wp-block-image size-large\"><img loading=\"lazy\" decoding=\"async\" width=\"797\" height=\"1200\" src=\"https:\/\/www.worteimdunkel.at\/wp-content\/uploads\/2021\/03\/66_14.jpg\" alt=\"Zugangsweg zu einer U-Verlagerung in den Alpen\" class=\"wp-image-13976\" srcset=\"https:\/\/www.worteimdunkel.at\/wp-content\/uploads\/2021\/03\/66_14.jpg 797w, https:\/\/www.worteimdunkel.at\/wp-content\/uploads\/2021\/03\/66_14-199x300.jpg 199w, https:\/\/www.worteimdunkel.at\/wp-content\/uploads\/2021\/03\/66_14-768x1156.jpg 768w\" sizes=\"auto, (max-width: 797px) 100vw, 797px\" \/><figcaption>Zugangsweg zu einer U-Verlagerung in den Alpen, in der Teile f\u00fcr einen Strahlj\u00e4ger produziert wurden.<\/figcaption><\/figure>\n\n\n\n<figure class=\"wp-block-image size-large\"><img loading=\"lazy\" decoding=\"async\" width=\"1200\" height=\"797\" src=\"https:\/\/www.worteimdunkel.at\/wp-content\/uploads\/2019\/11\/34_U-Ver-Pro-1200x797.jpg\" alt=\"Durch Besatzungstruppen gesprengte U-Verlagerung\" class=\"wp-image-3238\" srcset=\"https:\/\/www.worteimdunkel.at\/wp-content\/uploads\/2019\/11\/34_U-Ver-Pro.jpg 1200w, https:\/\/www.worteimdunkel.at\/wp-content\/uploads\/2019\/11\/34_U-Ver-Pro-300x199.jpg 300w, https:\/\/www.worteimdunkel.at\/wp-content\/uploads\/2019\/11\/34_U-Ver-Pro-768x510.jpg 768w\" sizes=\"auto, (max-width: 1200px) 100vw, 1200px\" \/><figcaption>Durch Besatzungstruppen gesprengte U-Verlagerung, in der Teile eines Strahlj\u00e4gers hergestellt wurden.<\/figcaption><\/figure>\n\n\n\n<p class=\"has-text-align-center has-white-background-color has-background\"><span class=\"has-inline-color has-black-color\">M\u00f6chtest Du Dich erkenntlich zeigen?<\/span> <a href=\"https:\/\/www.worteimdunkel.at\/?page_id=6688\" data-type=\"page\" data-id=\"6688\">Hier hast Du die M\u00f6glichkeit dazu<\/a>.<\/p>\n","protected":false},"excerpt":{"rendered":"<p>Heute gibt es \u201enur\u201c Bilder zu sehen ohne viel Text. In den gezeigten Umgebungen lassen sich oft faszinierende Beschriftungen entdecken, aber auch die Tunnel, Gew\u00f6lbe, Stollen, Keller oder G\u00e4nge selbst sind ein lohnendes Motiv. Teilweise verschwimmt dabei der blo\u00dfe Wille, den Ort zu dokumentieren mit dem Versuch, die Atmosph\u00e4re festzuhalten \u2013 das erste Foto z\u00e4hlt [&hellip;]<\/p>\n","protected":false},"author":1,"featured_media":13969,"comment_status":"open","ping_status":"open","sticky":false,"template":"","format":"image","meta":{"footnotes":""},"categories":[7,839,19,18,12,11,323],"tags":[845,846,844,20,126,847,842,843,409,841,840],"class_list":["post-13961","post","type-post","status-publish","format-image","has-post-thumbnail","hentry","category-1938-1945","category-bildbeitrag","category-luftschutz-industrie","category-luftschutz-zivil","category-militaer","category-ruestungsproduktion","category-zweiter-weltkrieg","tag-gueter","tag-industrie","tag-kriegswichtige","tag-luftschutz","tag-luftschutzkeller","tag-ruestung","tag-ruestungsindustrie","tag-ruestungsproduktion","tag-stollen","tag-u-verlagerung","tag-untertageverlagerung","post_format-post-format-image"],"_links":{"self":[{"href":"https:\/\/www.worteimdunkel.at\/index.php?rest_route=\/wp\/v2\/posts\/13961","targetHints":{"allow":["GET"]}}],"collection":[{"href":"https:\/\/www.worteimdunkel.at\/index.php?rest_route=\/wp\/v2\/posts"}],"about":[{"href":"https:\/\/www.worteimdunkel.at\/index.php?rest_route=\/wp\/v2\/types\/post"}],"author":[{"embeddable":true,"href":"https:\/\/www.worteimdunkel.at\/index.php?rest_route=\/wp\/v2\/users\/1"}],"replies":[{"embeddable":true,"href":"https:\/\/www.worteimdunkel.at\/index.php?rest_route=%2Fwp%2Fv2%2Fcomments&post=13961"}],"version-history":[{"count":15,"href":"https:\/\/www.worteimdunkel.at\/index.php?rest_route=\/wp\/v2\/posts\/13961\/revisions"}],"predecessor-version":[{"id":13990,"href":"https:\/\/www.worteimdunkel.at\/index.php?rest_route=\/wp\/v2\/posts\/13961\/revisions\/13990"}],"wp:featuredmedia":[{"embeddable":true,"href":"https:\/\/www.worteimdunkel.at\/index.php?rest_route=\/wp\/v2\/media\/13969"}],"wp:attachment":[{"href":"https:\/\/www.worteimdunkel.at\/index.php?rest_route=%2Fwp%2Fv2%2Fmedia&parent=13961"}],"wp:term":[{"taxonomy":"category","embeddable":true,"href":"https:\/\/www.worteimdunkel.at\/index.php?rest_route=%2Fwp%2Fv2%2Fcategories&post=13961"},{"taxonomy":"post_tag","embeddable":true,"href":"https:\/\/www.worteimdunkel.at\/index.php?rest_route=%2Fwp%2Fv2%2Ftags&post=13961"}],"curies":[{"name":"wp","href":"https:\/\/api.w.org\/{rel}","templated":true}]}}