{"id":11198,"date":"2020-09-28T21:12:46","date_gmt":"2020-09-28T19:12:46","guid":{"rendered":"https:\/\/www.worteimdunkel.at\/?p=11198"},"modified":"2021-07-21T14:15:11","modified_gmt":"2021-07-21T12:15:11","slug":"bildbeitrag-umgebungen","status":"publish","type":"post","link":"https:\/\/www.worteimdunkel.at\/?p=11198","title":{"rendered":"Bildbeitrag \u2013 Umgebungen I"},"content":{"rendered":"\n<p class=\"has-drop-cap\">Aufgrund eklatanten Zeitmangels gibt es heute nur einen Bilderbeitrag, der euch, liebe Leserinnen und Leser, hoffentlich bis zum Erscheinen des n\u00e4chsten Textartikels zu tr\u00f6sten vermag. Die Bilder zeigen alte Keller in Wien, die ich als so sch\u00f6n empfand, dass ich nicht umhin konnte, sie mit ein klein wenig Lichtmalerei in Szene zu setzen. Sie sind Orte, an denen ich oft meine schriftlichen Motive finde.<\/p>\n\n\n\n<p>Diese Keller haben nicht nur eine jahrhundertelange Geschichte, die meist bis ins Mittelalter zur\u00fcckreicht, sondern waren auch Schauplatz zeitgeschichtlicher Vorg\u00e4nge. So wurden viele von ihnen zu Luftschutzzwecken verwendet. Hier wurden zum einen Zwangsarbeiter durchgetrieben, deren Aufgabe es war, durch das Graben von Verbindungsg\u00e4ngen die Keller zu einem weitl\u00e4ufigen Netz zu verbinden. Zum anderen hielten sich hier bei Fliegeralarm hunderte Schutzsuchende auf, die wie die Zwangsarbeiter ihre Spuren hinterlassen haben.<\/p>\n\n\n\n<figure class=\"wp-block-image size-large\"><img loading=\"lazy\" decoding=\"async\" width=\"1200\" height=\"797\" src=\"https:\/\/www.worteimdunkel.at\/wp-content\/uploads\/2020\/09\/52_Bild_Keller_1.jpg\" alt=\"Keller in Wien\" class=\"wp-image-11207\" srcset=\"https:\/\/www.worteimdunkel.at\/wp-content\/uploads\/2020\/09\/52_Bild_Keller_1.jpg 1200w, https:\/\/www.worteimdunkel.at\/wp-content\/uploads\/2020\/09\/52_Bild_Keller_1-300x199.jpg 300w, https:\/\/www.worteimdunkel.at\/wp-content\/uploads\/2020\/09\/52_Bild_Keller_1-768x510.jpg 768w\" sizes=\"auto, (max-width: 1200px) 100vw, 1200px\" \/><figcaption>Keller in Wien<\/figcaption><\/figure>\n\n\n\n<figure class=\"wp-block-image size-large\"><img loading=\"lazy\" decoding=\"async\" width=\"1200\" height=\"797\" src=\"https:\/\/www.worteimdunkel.at\/wp-content\/uploads\/2020\/09\/52_Bild_Keller_2.jpg\" alt=\"Keller in Wien\" class=\"wp-image-11208\" srcset=\"https:\/\/www.worteimdunkel.at\/wp-content\/uploads\/2020\/09\/52_Bild_Keller_2.jpg 1200w, https:\/\/www.worteimdunkel.at\/wp-content\/uploads\/2020\/09\/52_Bild_Keller_2-300x199.jpg 300w, https:\/\/www.worteimdunkel.at\/wp-content\/uploads\/2020\/09\/52_Bild_Keller_2-768x510.jpg 768w\" sizes=\"auto, (max-width: 1200px) 100vw, 1200px\" \/><figcaption>Zwei Stockwerke unter der Erde<\/figcaption><\/figure>\n\n\n\n<figure class=\"wp-block-image size-large\"><img loading=\"lazy\" decoding=\"async\" width=\"1200\" height=\"797\" src=\"https:\/\/www.worteimdunkel.at\/wp-content\/uploads\/2020\/09\/52_Bild_Keller_3-1200x797.jpg\" alt=\"Keller in Wien\" class=\"wp-image-11209\" srcset=\"https:\/\/www.worteimdunkel.at\/wp-content\/uploads\/2020\/09\/52_Bild_Keller_3-1200x797.jpg 1200w, https:\/\/www.worteimdunkel.at\/wp-content\/uploads\/2020\/09\/52_Bild_Keller_3-300x199.jpg 300w, https:\/\/www.worteimdunkel.at\/wp-content\/uploads\/2020\/09\/52_Bild_Keller_3-768x510.jpg 768w, https:\/\/www.worteimdunkel.at\/wp-content\/uploads\/2020\/09\/52_Bild_Keller_3.jpg 1500w\" sizes=\"auto, (max-width: 1200px) 100vw, 1200px\" \/><figcaption>Betonierte G\u00e4nge von 1944 verbinden alte Keller<\/figcaption><\/figure>\n\n\n\n<figure class=\"wp-block-image size-large\"><img loading=\"lazy\" decoding=\"async\" width=\"1200\" height=\"797\" src=\"https:\/\/www.worteimdunkel.at\/wp-content\/uploads\/2020\/09\/52_Bild_Keller_4.jpg\" alt=\"Keller in Wien\" class=\"wp-image-11210\" srcset=\"https:\/\/www.worteimdunkel.at\/wp-content\/uploads\/2020\/09\/52_Bild_Keller_4.jpg 1200w, https:\/\/www.worteimdunkel.at\/wp-content\/uploads\/2020\/09\/52_Bild_Keller_4-300x199.jpg 300w, https:\/\/www.worteimdunkel.at\/wp-content\/uploads\/2020\/09\/52_Bild_Keller_4-768x510.jpg 768w\" sizes=\"auto, (max-width: 1200px) 100vw, 1200px\" \/><figcaption>Teils wurden tiefe Keller mit Kriegsschutt aufgef\u00fcllt<\/figcaption><\/figure>\n\n\n\n<figure class=\"wp-block-image size-large\"><img loading=\"lazy\" decoding=\"async\" width=\"1200\" height=\"797\" src=\"https:\/\/www.worteimdunkel.at\/wp-content\/uploads\/2020\/09\/52_Bild_Keller_5.jpg\" alt=\"Keller in Wien\" class=\"wp-image-11211\" srcset=\"https:\/\/www.worteimdunkel.at\/wp-content\/uploads\/2020\/09\/52_Bild_Keller_5.jpg 1200w, https:\/\/www.worteimdunkel.at\/wp-content\/uploads\/2020\/09\/52_Bild_Keller_5-300x199.jpg 300w, https:\/\/www.worteimdunkel.at\/wp-content\/uploads\/2020\/09\/52_Bild_Keller_5-768x510.jpg 768w\" sizes=\"auto, (max-width: 1200px) 100vw, 1200px\" \/><figcaption>Sch\u00f6ne Kellerarchitektur<\/figcaption><\/figure>\n\n\n\n<figure class=\"wp-block-image size-large\"><img loading=\"lazy\" decoding=\"async\" width=\"1200\" height=\"797\" src=\"https:\/\/www.worteimdunkel.at\/wp-content\/uploads\/2020\/09\/52_Bild_Keller_9-1200x797.jpg\" alt=\"Keller in Wien\" class=\"wp-image-11215\" srcset=\"https:\/\/www.worteimdunkel.at\/wp-content\/uploads\/2020\/09\/52_Bild_Keller_9-1200x797.jpg 1200w, https:\/\/www.worteimdunkel.at\/wp-content\/uploads\/2020\/09\/52_Bild_Keller_9-300x199.jpg 300w, https:\/\/www.worteimdunkel.at\/wp-content\/uploads\/2020\/09\/52_Bild_Keller_9-768x510.jpg 768w, https:\/\/www.worteimdunkel.at\/wp-content\/uploads\/2020\/09\/52_Bild_Keller_9.jpg 1500w\" sizes=\"auto, (max-width: 1200px) 100vw, 1200px\" \/><figcaption>Viele Meter unter der Erde kommen Wurzeln durch die alten Ziegel<\/figcaption><\/figure>\n\n\n\n<figure class=\"wp-block-image size-large\"><img loading=\"lazy\" decoding=\"async\" width=\"1200\" height=\"797\" src=\"https:\/\/www.worteimdunkel.at\/wp-content\/uploads\/2020\/09\/52_Bild_Keller_11-1200x797.jpg\" alt=\"Keller in Wien\" class=\"wp-image-11217\" srcset=\"https:\/\/www.worteimdunkel.at\/wp-content\/uploads\/2020\/09\/52_Bild_Keller_11-1200x797.jpg 1200w, https:\/\/www.worteimdunkel.at\/wp-content\/uploads\/2020\/09\/52_Bild_Keller_11-300x199.jpg 300w, https:\/\/www.worteimdunkel.at\/wp-content\/uploads\/2020\/09\/52_Bild_Keller_11-768x510.jpg 768w, https:\/\/www.worteimdunkel.at\/wp-content\/uploads\/2020\/09\/52_Bild_Keller_11.jpg 1500w\" sizes=\"auto, (max-width: 1200px) 100vw, 1200px\" \/><figcaption>Wurzeln im Gegenlicht<\/figcaption><\/figure>\n\n\n\n<p class=\"has-text-align-center has-white-background-color has-background\"><span class=\"has-inline-color has-black-color\">M\u00f6chtest Du Dich erkenntlich zeigen?<\/span> <a href=\"https:\/\/www.worteimdunkel.at\/?page_id=6688\" data-type=\"page\" data-id=\"6688\">Hier hast Du die M\u00f6glichkeit dazu<\/a>.<\/p>\n","protected":false},"excerpt":{"rendered":"<p>Aufgrund eklatanten Zeitmangels gibt es heute nur einen Bilderbeitrag, der euch, liebe Leserinnen und Leser, hoffentlich bis zum Erscheinen des n\u00e4chsten Textartikels zu tr\u00f6sten vermag. Die Bilder zeigen alte Keller in Wien, die ich als so sch\u00f6n empfand, dass ich nicht umhin konnte, sie mit ein klein wenig Lichtmalerei in Szene zu setzen. Sie sind [&hellip;]<\/p>\n","protected":false},"author":1,"featured_media":11207,"comment_status":"open","ping_status":"open","sticky":false,"template":"","format":"image","meta":{"footnotes":""},"categories":[839,18,17],"tags":[178,20],"class_list":["post-11198","post","type-post","status-publish","format-image","has-post-thumbnail","hentry","category-bildbeitrag","category-luftschutz-zivil","category-luftschutzraumnetz-innere-stadt","tag-keller","tag-luftschutz","post_format-post-format-image"],"_links":{"self":[{"href":"https:\/\/www.worteimdunkel.at\/index.php?rest_route=\/wp\/v2\/posts\/11198","targetHints":{"allow":["GET"]}}],"collection":[{"href":"https:\/\/www.worteimdunkel.at\/index.php?rest_route=\/wp\/v2\/posts"}],"about":[{"href":"https:\/\/www.worteimdunkel.at\/index.php?rest_route=\/wp\/v2\/types\/post"}],"author":[{"embeddable":true,"href":"https:\/\/www.worteimdunkel.at\/index.php?rest_route=\/wp\/v2\/users\/1"}],"replies":[{"embeddable":true,"href":"https:\/\/www.worteimdunkel.at\/index.php?rest_route=%2Fwp%2Fv2%2Fcomments&post=11198"}],"version-history":[{"count":13,"href":"https:\/\/www.worteimdunkel.at\/index.php?rest_route=\/wp\/v2\/posts\/11198\/revisions"}],"predecessor-version":[{"id":14836,"href":"https:\/\/www.worteimdunkel.at\/index.php?rest_route=\/wp\/v2\/posts\/11198\/revisions\/14836"}],"wp:featuredmedia":[{"embeddable":true,"href":"https:\/\/www.worteimdunkel.at\/index.php?rest_route=\/wp\/v2\/media\/11207"}],"wp:attachment":[{"href":"https:\/\/www.worteimdunkel.at\/index.php?rest_route=%2Fwp%2Fv2%2Fmedia&parent=11198"}],"wp:term":[{"taxonomy":"category","embeddable":true,"href":"https:\/\/www.worteimdunkel.at\/index.php?rest_route=%2Fwp%2Fv2%2Fcategories&post=11198"},{"taxonomy":"post_tag","embeddable":true,"href":"https:\/\/www.worteimdunkel.at\/index.php?rest_route=%2Fwp%2Fv2%2Ftags&post=11198"}],"curies":[{"name":"wp","href":"https:\/\/api.w.org\/{rel}","templated":true}]}}